{"id":26460,"date":"2026-04-28T17:46:22","date_gmt":"2026-04-28T20:46:22","guid":{"rendered":"https:\/\/www.guiafacilbrasil.com.br\/blog\/?p=26460"},"modified":"2026-04-28T18:02:07","modified_gmt":"2026-04-28T21:02:07","slug":"pf-investiga-entrada-de-malas-sem-fiscalizacao-em-voo-com-motta-ciro-nogueira-e-dono-de-bets","status":"publish","type":"post","link":"https:\/\/www.guiafacilbrasil.com.br\/blog\/pf-investiga-entrada-de-malas-sem-fiscalizacao-em-voo-com-motta-ciro-nogueira-e-dono-de-bets\/","title":{"rendered":"PF investiga entrada de malas sem fiscaliza\u00e7\u00e3o em voo com Motta, Ciro Nogueira e dono de bets"},"content":{"rendered":"<p><img loading=\"lazy\" class=\"alignnone size-medium wp-image-26461\" src=\"https:\/\/www.guiafacilbrasil.com.br\/blog\/wp-content\/uploads\/2026\/04\/PF-investiga-entrada-de-malas-sem-fiscalizacao-em-voo-com-Motta-Ciro-Nogueira-e-dono-de-bets-300x202.png\" alt=\"\" width=\"300\" height=\"202\" srcset=\"https:\/\/www.guiafacilbrasil.com.br\/blog\/wp-content\/uploads\/2026\/04\/PF-investiga-entrada-de-malas-sem-fiscalizacao-em-voo-com-Motta-Ciro-Nogueira-e-dono-de-bets-300x202.png 300w, https:\/\/www.guiafacilbrasil.com.br\/blog\/wp-content\/uploads\/2026\/04\/PF-investiga-entrada-de-malas-sem-fiscalizacao-em-voo-com-Motta-Ciro-Nogueira-e-dono-de-bets.png 501w\" sizes=\"(max-width: 300px) 100vw, 300px\" \/><\/p>\n<p><a href=\"https:\/\/www.metropoles.com\/author\/kevin-lima\" target=\"_top\" rel=\"author noopener\">Kevin Lima<\/a><\/p>\n<h2 class=\"Text__TextBase-sc-1d75gww-0 eOYeiH noticiaCabecalho__subtitulo\">Itens do piloto entraram sem inspe\u00e7\u00e3o. Voo levava empres\u00e1rio do \u201ctigrinho\u201d, Hugo Motta, Ciro Nogueira e deputados; caso tramita no STF<\/h2>\n<p>A Pol\u00edcia Federal investiga se um auditor da Receita Federal cometeu os crimes de prevarica\u00e7\u00e3o e descaminho, ao permitir que bagagens de um voo que transportava o presidente da C\u00e2mara, Hugo Motta (Republicanos-PB), e o senador Ciro Nogueira (PP-PI) entrassem no Brasil sem fiscaliza\u00e7\u00e3o.<\/p>\n<p>Segundo a PF, <span class=\"highlight highlight-visible\">cinco volumes levados pelo piloto Jos\u00e9 Jorge de Oliveira J\u00fanior ingressaram no pa\u00eds sem passar por raio-x<\/span> na noite de 20 de abril de 2025. O caso ocorreu no retorno de uma viagem \u00e0 ilha de S\u00e3o Martinho, descrita pela corpora\u00e7\u00e3o como uma \u201cilha caribenha conhecida por ser um para\u00edso fiscal desde 2016\u201d.<\/p>\n<p>O voo foi feito em um avi\u00e3o particular de Fernando Oliveira Lima, o \u201c<strong>Fernandin OIG<\/strong>\u201c, apontado como operador de plataformas de apostas ligadas ao chamado jogo do tigrinho. Em novembro de 2024, ele foi ouvido pela CPI das Bets e negou ser dono do jogo.<\/p>\n<p>Em nota enviada ao <strong>Metr\u00f3poles<\/strong>, Hugo Motta afirmou que cumpriu \u201ctodos os protocolos e determina\u00e7\u00f5es estabelecidas na legisla\u00e7\u00e3o aduaneira\u201d ao desembarcar do voo. O presidente da C\u00e2mara disse ainda que \u201caguardar\u00e1 a manifesta\u00e7\u00e3o da Procuradoria-Geral da Rep\u00fablica\u201d.<\/p>\n<p>A reportagem tamb\u00e9m procurou o senador Ciro Nogueira, mas n\u00e3o obteve resposta at\u00e9 o momento.<\/p>\n<p>Al\u00e9m de Motta e Nogueira, estavam a bordo, de acordo com a PF, os deputados <strong>Dr. Luizinho<\/strong> (PP-RJ) e <strong>Isnaldo Bulh\u00f5es<\/strong> (MDB-AL). A lista de passageiros inclu\u00eda ainda o ex-vereador de Teresina Victor Linhares, alvo da Opera\u00e7\u00e3o Carbono Oculto, que investiga liga\u00e7\u00f5es entre o crime organizado e o setor de combust\u00edveis.<\/p>\n<p>A presen\u00e7a de autoridades com foro privilegiado levou o caso ao Supremo Tribunal Federal (STF) em 13 de abril deste ano. <span class=\"highlight highlight-visible\">Caber\u00e1 ao ministro Alexandre de Moraes decidir se a Corte \u00e9 competente para analisar o caso.<\/span> Na semana passada, Moraes pediu manifesta\u00e7\u00e3o da Procuradoria-Geral da Rep\u00fablica (PGR).<\/p>\n<p>A Pol\u00edcia Federal destaca que n\u00e3o \u00e9 poss\u00edvel dizer \u201ccategoricamente a quem os volumes pertencem ou seu conte\u00fado\u201d. Ao defender que o caso fosse enviado ao STF, o delegado Fl\u00e1vio Vieitez Reis apontou que o avan\u00e7o da investiga\u00e7\u00e3o pode indicar o envolvimento de autoridades em \u201ccondutas il\u00edcitas\u201d.<\/p>\n<p>\u201cSalvo melhor ju\u00edzo, entendo ser temer\u00e1ria a continuidade das investiga\u00e7\u00f5es sem a aprecia\u00e7\u00e3o de tal situa\u00e7\u00e3o pelo Poder Judici\u00e1rio\u201d, escreveu em janeiro de 2026.<\/p>\n<p>Imagens do circuito de seguran\u00e7a do S\u00e3o Paulo Catarina Aeroporto Executivo Internacional, em S\u00e3o Roque (SP), analisadas pela PF mostram a sequ\u00eancia do desembarque:<\/p>\n<ul>\n<li>\u00e0s 21h32, o piloto passou pelo raio-x com duas bagagens; e<\/li>\n<li>minutos depois, por volta das 21h40, <span class=\"highlight highlight-visible\">ele retornou com sete volumes e contornou o p\u00f3rtico de detec\u00e7\u00e3o de metais, sem submeter os itens \u00e0 inspe\u00e7\u00e3o<\/span>.<\/li>\n<\/ul>\n<p>\u201c[Ele] retorna passando por fora do p\u00f3rtico de detec\u00e7\u00e3o de metais, sendo que, por volta das 21h40, ele passa com 7 (sete) volumes, sem submet\u00ea-los \u00e0 fiscaliza\u00e7\u00e3o pelo raio-X, sendo que 2 (dois) dos volumes aparentam os que ele carregava ao retornar pelo raio-X pela primeira vez\u201d, diz o relat\u00f3rio.<\/p>\n<div class=\"m-banner-wrap m-banner-rectangle m-publicity-content-middle\">\n<div id=\"div-gpt-ad-brasil-quadrado-5\" class=\"ad-displayed\" data-gtm-vis-recent-on-screen104869357_335=\"290574\" data-gtm-vis-first-on-screen104869357_335=\"290574\" data-gtm-vis-total-visible-time104869357_335=\"100\" data-gtm-vis-has-fired104869357_335=\"1\" data-google-query-id=\"CNWl9NK0kZQDFVZM3QId9LQXtw\">\n<div id=\"google_ads_iframe_\/123935210\/brasil-quadrado-5_0__container__\">\n<p><span class=\"highlight highlight-visible\">As imagens obtidas pelo <strong>Metr\u00f3poles<\/strong> indicam que o auditor Marco Ant\u00f4nio Canella acompanhou a movimenta\u00e7\u00e3o e permitiu a passagem dos volumes \u201csem a devida fiscaliza\u00e7\u00e3o\u201d.<\/span><\/p>\n<blockquote><p>\u201c\u00c9 poss\u00edvel constatar que o auditor fiscal da Receita Federal permite passar sete volumes sem a devida fiscaliza\u00e7\u00e3o\u201d, afirma a PF.<\/p><\/blockquote>\n<blockquote><p>Registros dos Agentes de Prote\u00e7\u00e3o da Avia\u00e7\u00e3o Civil (APACs) apontam que, no mesmo desembarque, o auditor tamb\u00e9m descumpriu procedimentos, ao permitir que garrafas e eletr\u00f4nicos permanecessem dentro das bagagens durante a inspe\u00e7\u00e3o, <strong>o que pode indicar uma \u201cirregularidade generalizada\u201d<\/strong>.<\/p>\n<div class=\"splide-container\">\n<div class=\"pre-slider\">\n<div class=\"splide__arrows\"><\/div>\n<div class=\"splide__first\">\n<div class=\"splide__slide\"><img title=\"PF investiga entrada de malas sem fiscaliza\u00e7\u00e3o em voo com Motta, Ciro Nogueira e dono de bets - destaque galeria\" src=\"https:\/\/i.metroimg.com\/Lz8UNby62XXA4-sMXeIqiU4eXXLw33pGmjbO7TNNIdo\/w:600\/q:85\/f:webp\/plain\/https:\/\/images.metroimg.com\/2026\/04\/desembarque-motta1.jpg\" alt=\"PF investiga entrada de malas sem fiscaliza\u00e7\u00e3o em voo com Motta, Ciro Nogueira e dono de bets - destaque galeria\" \/><\/div>\n<\/div>\n<div class=\"splide__thumb-list\">\n<div class=\"splide__slide\">\n<div class=\"splide__total-images\">3 imagens<\/div>\n<p><img title=\"Bagagens que n\u00e3o passaram por fiscaliza\u00e7\u00e3o no desembarque do piloto Jos\u00e9 Jorge de Oliveira J\u00fanior, segundo a PF\" src=\"https:\/\/i.metroimg.com\/DPky5pp-ZgKpFBi8pC_YrEMffibkN5Tf4oD_QIFp7y0\/w:180\/q:85\/f:webp\/plain\/https:\/\/images.metroimg.com\/2026\/04\/desembarque-motta2.jpg\" alt=\"Bagagens que n\u00e3o passaram por fiscaliza\u00e7\u00e3o no desembarque do piloto Jos\u00e9 Jorge de Oliveira J\u00fanior, segundo a PF\" \/><img title=\"Imagens do desembarque do piloto Jos\u00e9 Jorge de Oliveira J\u00fanior, no S\u00e3o Paulo Catarina Aeroporto Executivo Internacional\" src=\"https:\/\/i.metroimg.com\/2n6OJj0FzEDFO1C-MSvaGxuXpVlQVASLKMPepXCYr-A\/w:180\/q:85\/f:webp\/plain\/https:\/\/images.metroimg.com\/2026\/04\/desembarque.jpg\" alt=\"Imagens do desembarque do piloto Jos\u00e9 Jorge de Oliveira J\u00fanior, no S\u00e3o Paulo Catarina Aeroporto Executivo Internacional\" \/><\/p>\n<\/div>\n<\/div>\n<\/div>\n<\/div>\n<p>No caso do piloto do voo de Motta, a <strong>PF destacou que o auditor permitiu a passagem de todas as bagagens por fora do detector de metais, sem qualquer fiscaliza\u00e7\u00e3o<\/strong>. Segundo a corpora\u00e7\u00e3o, o piloto empurrava um carrinho com sete volumes:<\/p>\n<ol>\n<li>sacola pl\u00e1stica;<\/li>\n<li>aparentemente, uma caixa de papel;<\/li>\n<li>sacola de papel;<\/li>\n<li>edredom;<\/li>\n<li>mala de viagem;<\/li>\n<li>aparentemente, uma caixa; e<\/li>\n<li>uma mochila.<\/li>\n<\/ol>\n<p>Ao analisar a investiga\u00e7\u00e3o da PF, em janeiro deste ano, a <span class=\"highlight highlight-visible\">procuradora da Rep\u00fablica Ana Fl\u00e1via N\u00f3brega Cavalcanti Ugatti afirmou que n\u00e3o era poss\u00edvel descartar a participa\u00e7\u00e3o de autoridades com foro privilegiado nas condutas il\u00edcitas investigadas<\/span>.<\/p>\n<p>&nbsp;<\/p>\n<div>\n<div>\n<div class=\"google-auto-placed\">\n<div class=\"panel panel-default painel-estabeleciment \">\n<div class=\"row\">\u00a0 \u00a0 <a href=\"https:\/\/www.metropoles.com\/\">Metropoles<\/a>\u00a0\u2013 <a href=\"http:\/\/guiafacilbrasil.com.br\/blog\/\">\u00a0GuiaF\u00e1cilBrasil<\/a><\/div>\n<\/div>\n<\/div>\n<\/div>\n<\/div>\n<\/blockquote>\n<\/div>\n<\/div>\n<\/div>\n","protected":false},"excerpt":{"rendered":"<p>Kevin Lima Itens do piloto entraram sem inspe\u00e7\u00e3o. Voo levava empres\u00e1rio do \u201ctigrinho\u201d, Hugo Motta, Ciro Nogueira e deputados; caso tramita no STF A Pol\u00edcia Federal investiga se um auditor da Receita Federal cometeu os crimes de prevarica\u00e7\u00e3o e descaminho, ao permitir que bagagens de um voo que transportava o presidente da C\u00e2mara, Hugo Motta [&hellip;]<\/p>\n","protected":false},"author":2,"featured_media":26461,"comment_status":"open","ping_status":"open","sticky":false,"template":"","format":"standard","meta":[],"categories":[21],"tags":[],"_links":{"self":[{"href":"https:\/\/www.guiafacilbrasil.com.br\/blog\/wp-json\/wp\/v2\/posts\/26460"}],"collection":[{"href":"https:\/\/www.guiafacilbrasil.com.br\/blog\/wp-json\/wp\/v2\/posts"}],"about":[{"href":"https:\/\/www.guiafacilbrasil.com.br\/blog\/wp-json\/wp\/v2\/types\/post"}],"author":[{"embeddable":true,"href":"https:\/\/www.guiafacilbrasil.com.br\/blog\/wp-json\/wp\/v2\/users\/2"}],"replies":[{"embeddable":true,"href":"https:\/\/www.guiafacilbrasil.com.br\/blog\/wp-json\/wp\/v2\/comments?post=26460"}],"version-history":[{"count":3,"href":"https:\/\/www.guiafacilbrasil.com.br\/blog\/wp-json\/wp\/v2\/posts\/26460\/revisions"}],"predecessor-version":[{"id":26473,"href":"https:\/\/www.guiafacilbrasil.com.br\/blog\/wp-json\/wp\/v2\/posts\/26460\/revisions\/26473"}],"wp:featuredmedia":[{"embeddable":true,"href":"https:\/\/www.guiafacilbrasil.com.br\/blog\/wp-json\/wp\/v2\/media\/26461"}],"wp:attachment":[{"href":"https:\/\/www.guiafacilbrasil.com.br\/blog\/wp-json\/wp\/v2\/media?parent=26460"}],"wp:term":[{"taxonomy":"category","embeddable":true,"href":"https:\/\/www.guiafacilbrasil.com.br\/blog\/wp-json\/wp\/v2\/categories?post=26460"},{"taxonomy":"post_tag","embeddable":true,"href":"https:\/\/www.guiafacilbrasil.com.br\/blog\/wp-json\/wp\/v2\/tags?post=26460"}],"curies":[{"name":"wp","href":"https:\/\/api.w.org\/{rel}","templated":true}]}}