{"id":26450,"date":"2026-04-27T16:22:55","date_gmt":"2026-04-27T19:22:55","guid":{"rendered":"https:\/\/www.guiafacilbrasil.com.br\/blog\/?p=26450"},"modified":"2026-04-27T16:22:55","modified_gmt":"2026-04-27T19:22:55","slug":"michel-temer-reage-e-critica-postura-de-gilmar-mendes-em-meio-a-embate-com-romeu-zema","status":"publish","type":"post","link":"https:\/\/www.guiafacilbrasil.com.br\/blog\/michel-temer-reage-e-critica-postura-de-gilmar-mendes-em-meio-a-embate-com-romeu-zema\/","title":{"rendered":"Michel Temer reage e critica postura de Gilmar Mendes em meio a embate com Romeu Zema"},"content":{"rendered":"<p><img loading=\"lazy\" class=\"alignnone size-medium wp-image-26451\" src=\"https:\/\/www.guiafacilbrasil.com.br\/blog\/wp-content\/uploads\/2026\/04\/Michel-Temer-reage-e-critica-postura-de-Gilmar-Mendes-em-meio-a-embate-com-Romeu-Zema-300x151.png\" alt=\"\" width=\"300\" height=\"151\" srcset=\"https:\/\/www.guiafacilbrasil.com.br\/blog\/wp-content\/uploads\/2026\/04\/Michel-Temer-reage-e-critica-postura-de-Gilmar-Mendes-em-meio-a-embate-com-Romeu-Zema-300x151.png 300w, https:\/\/www.guiafacilbrasil.com.br\/blog\/wp-content\/uploads\/2026\/04\/Michel-Temer-reage-e-critica-postura-de-Gilmar-Mendes-em-meio-a-embate-com-Romeu-Zema.png 588w\" sizes=\"(max-width: 300px) 100vw, 300px\" \/><\/p>\n<p>A avalia\u00e7\u00e3o do ex-presidente <strong>Michel Temer<\/strong> \u00e9 de que o ambiente pol\u00edtico brasileiro atingiu um n\u00edvel de radicaliza\u00e7\u00e3o que j\u00e1 se reflete dentro do <strong>Supremo Tribunal Federal<\/strong>. A declara\u00e7\u00e3o foi feita nesta segunda-feira (27\/4).<\/p>\n<h2 class=\"wp-block-heading\">O que Michel Temer disse sobre a polariza\u00e7\u00e3o chegar ao STF?<\/h2>\n<p>Michel Temer afirmou que a <strong>polariza\u00e7\u00e3o pol\u00edtica<\/strong> no Brasil ultrapassou os limites tradicionais da disputa partid\u00e1ria e chegou \u00e0s institui\u00e7\u00f5es, incluindo o <strong>Supremo Tribunal Federal (STF)<\/strong>.<\/p>\n<p>Segundo ele, o cen\u00e1rio atual \u00e9 resultado de um processo mais amplo de radicaliza\u00e7\u00e3o, que n\u00e3o se restringe apenas aos Poderes, mas se espalha por diferentes esferas do Estado. Temer destacou que esse ambiente de tens\u00e3o compromete o funcionamento institucional e amplia conflitos p\u00fablicos entre autoridades. As informa\u00e7\u00f5es s\u00e3o da Folha de SP.<\/p>\n<h2 class=\"wp-block-heading\">Por que Temer associa a crise \u00e0 falta de di\u00e1logo entre Poderes?<\/h2>\n<p>O ex-presidente apontou que a principal origem da crise institucional est\u00e1 na aus\u00eancia de di\u00e1logo entre os Poderes da Rep\u00fablica, o que teria alimentado a polariza\u00e7\u00e3o. Para ele, quando n\u00e3o h\u00e1 comunica\u00e7\u00e3o adequada entre Executivo, Legislativo e Judici\u00e1rio, cresce o espa\u00e7o para conflitos e interpreta\u00e7\u00f5es extremas.<\/p>\n<p>Temer refor\u00e7ou que esse cen\u00e1rio n\u00e3o \u00e9 exclusivo do Brasil, mas se intensificou no pa\u00eds nos \u00faltimos anos. Entre os pontos destacados pelo ex-presidente, est\u00e3o fatores que, segundo ele, ajudam a explicar a atual crise institucional:<\/p>\n<ul class=\"wp-block-list\">\n<li>Falta de <strong>di\u00e1logo entre os Poderes<\/strong><\/li>\n<li>Crescimento da <strong>radicaliza\u00e7\u00e3o pol\u00edtica<\/strong><\/li>\n<li>Amplia\u00e7\u00e3o de disputas institucionais p\u00fablicas<\/li>\n<li>Enfraquecimento da articula\u00e7\u00e3o pol\u00edtica tradicional<\/li>\n<\/ul>\n<h2 class=\"wp-block-heading\">Qual a posi\u00e7\u00e3o do STF na polariza\u00e7\u00e3o pol\u00edtica brasileira?<\/h2>\n<p>Questionado sobre a atua\u00e7\u00e3o do <strong>STF<\/strong>, Temer afirmou que a radicaliza\u00e7\u00e3o pol\u00edtica no pa\u00eds acaba influenciando todos os setores, inclusive o Judici\u00e1rio. Ele ponderou, no entanto, que n\u00e3o considera que o Supremo tenha responsabilidade direta por acusa\u00e7\u00f5es de <strong>ativismo judicial<\/strong> feitas por setores pol\u00edticos.<\/p>\n<p>Temer explicou que a pr\u00f3pria <strong>Constitui\u00e7\u00e3o de 1988<\/strong> tratou de muitos temas amplos, o que naturalmente leva ao STF a decidir sobre diversas quest\u00f5es sens\u00edveis.<\/p>\n<h2 class=\"wp-block-heading\">O que Michel Temer disse sobre Gilmar Mendes e Romeu Zema?<\/h2>\n<p>Outro ponto da entrevista foi a cr\u00edtica de Temer \u00e0 postura do ministro <strong>Gilmar Mendes<\/strong>, que respondeu publicamente \u00e0s declara\u00e7\u00f5es do <strong>ex-governador Romeu Zema<\/strong>. O ex-presidente avaliou que esse tipo de rea\u00e7\u00e3o pode agravar ainda mais o clima de tens\u00e3o e exposi\u00e7\u00e3o institucional.<\/p>\n<p>Segundo ele, em situa\u00e7\u00f5es de conflito, a resposta direta tende a alimentar a disputa em vez de reduzir a crise. O embate entre Gilmar Mendes e Romeu Zema tem ganhado destaque recente e envolve trocas de acusa\u00e7\u00f5es p\u00fablicas. Entre os principais pontos desse confronto est\u00e3o:<\/p>\n<ul class=\"wp-block-list\">\n<li>Cr\u00edticas de Zema sobre supostos <strong>conchavos pol\u00edticos<\/strong><\/li>\n<li>Resposta do ministro Gilmar Mendes \u00e0s declara\u00e7\u00f5es<\/li>\n<li>Pedido de investiga\u00e7\u00e3o junto \u00e0 <strong>PGR (Procuradoria-Geral da Rep\u00fablica)<\/strong><\/li>\n<li>Acusa\u00e7\u00f5es envolvendo o contexto do <strong>Banco Master<\/strong><\/li>\n<\/ul>\n<h2 class=\"wp-block-heading\">O que est\u00e1 por tr\u00e1s do embate entre Gilmar Mendes e Romeu Zema?<\/h2>\n<p>O conflito entre o ministro do STF e o ex-governador de Minas Gerais come\u00e7ou ap\u00f3s declara\u00e7\u00f5es de Zema em v\u00eddeos publicados nas redes sociais. Nas grava\u00e7\u00f5es, Zema criticou a atua\u00e7\u00e3o de ministros do Supremo e questionou sua postura em temas pol\u00edticos e institucionais.<\/p>\n<p>Gilmar Mendes reagiu e levou o caso \u00e0 <strong>Procuradoria-Geral da Rep\u00fablica (PGR)<\/strong>, pedindo provid\u00eancias dentro de investiga\u00e7\u00f5es j\u00e1 em andamento. O epis\u00f3dio se intensificou com novas publica\u00e7\u00f5es de Zema, que voltou a criticar integrantes do STF e utilizou recursos de <strong>intelig\u00eancia artificial<\/strong> para ilustrar suas mensagens.<\/p>\n<p>&nbsp;<\/p>\n<div>\n<div>\n<div class=\"google-auto-placed\">\n<div class=\"panel panel-default painel-estabeleciment \">\n<div class=\"row\">\u00a0 \u00a0 <a href=\"https:\/\/terrabrasilnoticias.com\">TerraBrasil<\/a>\u00a0\u2013 <a href=\"http:\/\/guiafacilbrasil.com.br\/blog\/\">\u00a0GuiaF\u00e1cilBrasil<\/a><\/div>\n<\/div>\n<\/div>\n<\/div>\n<\/div>\n","protected":false},"excerpt":{"rendered":"<p>A avalia\u00e7\u00e3o do ex-presidente Michel Temer \u00e9 de que o ambiente pol\u00edtico brasileiro atingiu um n\u00edvel de radicaliza\u00e7\u00e3o que j\u00e1 se reflete dentro do Supremo Tribunal Federal. A declara\u00e7\u00e3o foi feita nesta segunda-feira (27\/4). O que Michel Temer disse sobre a polariza\u00e7\u00e3o chegar ao STF? Michel Temer afirmou que a polariza\u00e7\u00e3o pol\u00edtica no Brasil ultrapassou [&hellip;]<\/p>\n","protected":false},"author":2,"featured_media":26451,"comment_status":"open","ping_status":"open","sticky":false,"template":"","format":"standard","meta":[],"categories":[9],"tags":[],"_links":{"self":[{"href":"https:\/\/www.guiafacilbrasil.com.br\/blog\/wp-json\/wp\/v2\/posts\/26450"}],"collection":[{"href":"https:\/\/www.guiafacilbrasil.com.br\/blog\/wp-json\/wp\/v2\/posts"}],"about":[{"href":"https:\/\/www.guiafacilbrasil.com.br\/blog\/wp-json\/wp\/v2\/types\/post"}],"author":[{"embeddable":true,"href":"https:\/\/www.guiafacilbrasil.com.br\/blog\/wp-json\/wp\/v2\/users\/2"}],"replies":[{"embeddable":true,"href":"https:\/\/www.guiafacilbrasil.com.br\/blog\/wp-json\/wp\/v2\/comments?post=26450"}],"version-history":[{"count":1,"href":"https:\/\/www.guiafacilbrasil.com.br\/blog\/wp-json\/wp\/v2\/posts\/26450\/revisions"}],"predecessor-version":[{"id":26452,"href":"https:\/\/www.guiafacilbrasil.com.br\/blog\/wp-json\/wp\/v2\/posts\/26450\/revisions\/26452"}],"wp:featuredmedia":[{"embeddable":true,"href":"https:\/\/www.guiafacilbrasil.com.br\/blog\/wp-json\/wp\/v2\/media\/26451"}],"wp:attachment":[{"href":"https:\/\/www.guiafacilbrasil.com.br\/blog\/wp-json\/wp\/v2\/media?parent=26450"}],"wp:term":[{"taxonomy":"category","embeddable":true,"href":"https:\/\/www.guiafacilbrasil.com.br\/blog\/wp-json\/wp\/v2\/categories?post=26450"},{"taxonomy":"post_tag","embeddable":true,"href":"https:\/\/www.guiafacilbrasil.com.br\/blog\/wp-json\/wp\/v2\/tags?post=26450"}],"curies":[{"name":"wp","href":"https:\/\/api.w.org\/{rel}","templated":true}]}}