{"id":26436,"date":"2026-04-23T19:18:43","date_gmt":"2026-04-23T22:18:43","guid":{"rendered":"https:\/\/www.guiafacilbrasil.com.br\/blog\/?p=26436"},"modified":"2026-04-23T19:19:48","modified_gmt":"2026-04-23T22:19:48","slug":"oposicao-reage-e-protocola-pedido-de-impeachment-contra-gilmar-mendes-apos-fala-sobre-zema","status":"publish","type":"post","link":"https:\/\/www.guiafacilbrasil.com.br\/blog\/oposicao-reage-e-protocola-pedido-de-impeachment-contra-gilmar-mendes-apos-fala-sobre-zema\/","title":{"rendered":"Oposi\u00e7\u00e3o reage e protocola pedido de impeachment contra Gilmar Mendes ap\u00f3s fala sobre Zema"},"content":{"rendered":"<p><img loading=\"lazy\" class=\"alignnone size-medium wp-image-26437\" src=\"https:\/\/www.guiafacilbrasil.com.br\/blog\/wp-content\/uploads\/2026\/04\/Oposicao-reage-e-protocola-pedido-de-impeachment-contra-Gilmar-Mendes-apos-fala-sobre-Zema-300x167.png\" alt=\"\" width=\"300\" height=\"167\" srcset=\"https:\/\/www.guiafacilbrasil.com.br\/blog\/wp-content\/uploads\/2026\/04\/Oposicao-reage-e-protocola-pedido-de-impeachment-contra-Gilmar-Mendes-apos-fala-sobre-Zema-300x167.png 300w, https:\/\/www.guiafacilbrasil.com.br\/blog\/wp-content\/uploads\/2026\/04\/Oposicao-reage-e-protocola-pedido-de-impeachment-contra-Gilmar-Mendes-apos-fala-sobre-Zema.png 536w\" sizes=\"(max-width: 300px) 100vw, 300px\" \/><\/p>\n<p><a href=\"https:\/\/terrabrasilnoticias.com\/author\/juniormelo\/\">Junior Melo<\/a><\/p>\n<p>A <strong>oposi\u00e7\u00e3o <\/strong>intensificou o embate institucional em <strong>Bras\u00edlia <\/strong>ao anunciar pedidos de <strong>impeachment<\/strong> contra integrantes do sistema de <strong>Justi\u00e7a<\/strong>, ampliando a tens\u00e3o entre <strong>Legislativo e Judici\u00e1rio<\/strong>.<\/p>\n<h2 class=\"wp-block-heading\">O que motivou o pedido de impeachment contra Gilmar Mendes?<\/h2>\n<p>Parlamentares da oposi\u00e7\u00e3o, liderados por Cabo Gilberto Silva, acusam o ministro <strong>Gilmar Mendes<\/strong> de extrapolar suas fun\u00e7\u00f5es ao solicitar medidas contra o ex-governador <strong>Romeu Zema<\/strong>. A a\u00e7\u00e3o foi interpretada como ofensiva pol\u00edtica.<\/p>\n<p>O foco da cr\u00edtica est\u00e1 no pedido encaminhado ao ministro <strong>Alexandre de Moraes<\/strong> para <strong>incluir Zema no inqu\u00e9rito das fake news<\/strong>. Para a oposi\u00e7\u00e3o, isso configuraria viola\u00e7\u00e3o de princ\u00edpios constitucionais e abuso de autoridade.<\/p>\n<h2 class=\"wp-block-heading\">Como a oposi\u00e7\u00e3o articula a ofensiva no Senado?<\/h2>\n<p>A estrat\u00e9gia envolve protocolar pedidos de impeachment no Senado, que \u00e9 presidido por <strong>Davi Alcolumbre<\/strong>. A iniciativa conta com apoio de partidos como PL e Novo, ampliando a press\u00e3o pol\u00edtica sobre o Judici\u00e1rio.<\/p>\n<p>Durante coletiva, tamb\u00e9m participaram nomes como Marcel van Hattem e H\u00e9lio Lopes. Eles refor\u00e7aram cr\u00edticas \u00e0 atua\u00e7\u00e3o do STF e manifestaram solidariedade a Zema.<\/p>\n<h2 class=\"wp-block-heading\">Por que Paulo Gonet tamb\u00e9m virou alvo?<\/h2>\n<p>Al\u00e9m de Gilmar Mendes, o procurador-geral Paulo Gonet tamb\u00e9m foi inclu\u00eddo nos pedidos. A oposi\u00e7\u00e3o o acusa de <strong>prevarica\u00e7\u00e3o<\/strong> por supostamente n\u00e3o avan\u00e7ar em investiga\u00e7\u00f5es envolvendo ministros.<\/p>\n<p>Segundo os parlamentares, Gonet teria arquivado manifesta\u00e7\u00f5es relacionadas a poss\u00edveis irregularidades. A avalia\u00e7\u00e3o do grupo \u00e9 de omiss\u00e3o deliberada, o que motivou a apresenta\u00e7\u00e3o de queixa-crime paralela.<\/p>\n<h2 class=\"wp-block-heading\">O que diz a den\u00fancia envolvendo Romeu Zema?<\/h2>\n<p>O epis\u00f3dio central envolve um v\u00eddeo publicado por Zema nas redes sociais. Nele, bonecos simulam um di\u00e1logo com o ministro Dias Toffoli, o que gerou rea\u00e7\u00e3o dentro do STF.<\/p>\n<p>De acordo com Gilmar Mendes, o conte\u00fado utilizaria edi\u00e7\u00e3o sofisticada para criar um di\u00e1logo inexistente. O ministro argumenta que o material teria como objetivo <strong>atingir a credibilidade da institui\u00e7\u00e3o<\/strong> e promover o pol\u00edtico. Veja o pronunciamento recente de Zema sobre o caso:<\/p>\n<p><iframe id=\"instagram-embed-0\" class=\"instagram-media instagram-media-rendered\" src=\"https:\/\/www.instagram.com\/reel\/DXeZ_mLjiL8\/embed\/captioned\/?cr=1&amp;v=14&amp;wp=432&amp;rd=https%3A%2F%2Fterrabrasilnoticias.com&amp;rp=%2F2026%2F04%2Foposicao-reage-e-protocola-pedido-de-impeachment-contra-gilmar-mendes-apos-fala-sobre-zema%2F#%7B%22ci%22%3A0%2C%22os%22%3A9537%2C%22ls%22%3A9087%2C%22le%22%3A9478%7D\" height=\"1228\" frameborder=\"0\" scrolling=\"no\" allowfullscreen=\"allowfullscreen\" data-instgrm-payload-id=\"instagram-media-payload-0\" data-mce-fragment=\"1\"><\/iframe><\/p>\n<h2 class=\"wp-block-heading\">Quantos pedidos de impeachment j\u00e1 atingem ministros do STF?<\/h2>\n<p>&nbsp;<\/p>\n<div>\n<div>\n<div class=\"google-auto-placed\">\n<div class=\"panel panel-default painel-estabeleciment \">\n<div class=\"row\">\u00a0 \u00a0 <a href=\"https:\/\/terrabrasilnoticias.com\">TerraBrasil<\/a>\u00a0\u2013 <a href=\"http:\/\/guiafacilbrasil.com.br\/blog\/\">\u00a0GuiaF\u00e1cilBrasil<\/a><\/div>\n<\/div>\n<\/div>\n<\/div>\n<\/div>\n","protected":false},"excerpt":{"rendered":"<p>Junior Melo A oposi\u00e7\u00e3o intensificou o embate institucional em Bras\u00edlia ao anunciar pedidos de impeachment contra integrantes do sistema de Justi\u00e7a, ampliando a tens\u00e3o entre Legislativo e Judici\u00e1rio. O que motivou o pedido de impeachment contra Gilmar Mendes? Parlamentares da oposi\u00e7\u00e3o, liderados por Cabo Gilberto Silva, acusam o ministro Gilmar Mendes de extrapolar suas fun\u00e7\u00f5es [&hellip;]<\/p>\n","protected":false},"author":2,"featured_media":26437,"comment_status":"open","ping_status":"open","sticky":false,"template":"","format":"standard","meta":[],"categories":[29],"tags":[],"_links":{"self":[{"href":"https:\/\/www.guiafacilbrasil.com.br\/blog\/wp-json\/wp\/v2\/posts\/26436"}],"collection":[{"href":"https:\/\/www.guiafacilbrasil.com.br\/blog\/wp-json\/wp\/v2\/posts"}],"about":[{"href":"https:\/\/www.guiafacilbrasil.com.br\/blog\/wp-json\/wp\/v2\/types\/post"}],"author":[{"embeddable":true,"href":"https:\/\/www.guiafacilbrasil.com.br\/blog\/wp-json\/wp\/v2\/users\/2"}],"replies":[{"embeddable":true,"href":"https:\/\/www.guiafacilbrasil.com.br\/blog\/wp-json\/wp\/v2\/comments?post=26436"}],"version-history":[{"count":2,"href":"https:\/\/www.guiafacilbrasil.com.br\/blog\/wp-json\/wp\/v2\/posts\/26436\/revisions"}],"predecessor-version":[{"id":26439,"href":"https:\/\/www.guiafacilbrasil.com.br\/blog\/wp-json\/wp\/v2\/posts\/26436\/revisions\/26439"}],"wp:featuredmedia":[{"embeddable":true,"href":"https:\/\/www.guiafacilbrasil.com.br\/blog\/wp-json\/wp\/v2\/media\/26437"}],"wp:attachment":[{"href":"https:\/\/www.guiafacilbrasil.com.br\/blog\/wp-json\/wp\/v2\/media?parent=26436"}],"wp:term":[{"taxonomy":"category","embeddable":true,"href":"https:\/\/www.guiafacilbrasil.com.br\/blog\/wp-json\/wp\/v2\/categories?post=26436"},{"taxonomy":"post_tag","embeddable":true,"href":"https:\/\/www.guiafacilbrasil.com.br\/blog\/wp-json\/wp\/v2\/tags?post=26436"}],"curies":[{"name":"wp","href":"https:\/\/api.w.org\/{rel}","templated":true}]}}