{"id":26433,"date":"2026-04-23T19:11:42","date_gmt":"2026-04-23T22:11:42","guid":{"rendered":"https:\/\/www.guiafacilbrasil.com.br\/blog\/?p=26433"},"modified":"2026-04-23T19:11:42","modified_gmt":"2026-04-23T22:11:42","slug":"policia-federal-confirma-chegada-de-daniel-vorcaro-ao-hospital-para-realizacao-de-exames","status":"publish","type":"post","link":"https:\/\/www.guiafacilbrasil.com.br\/blog\/policia-federal-confirma-chegada-de-daniel-vorcaro-ao-hospital-para-realizacao-de-exames\/","title":{"rendered":"Pol\u00edcia Federal confirma chegada de Daniel Vorcaro ao hospital para realiza\u00e7\u00e3o de exames"},"content":{"rendered":"<p><img loading=\"lazy\" class=\"alignnone size-medium wp-image-26434\" src=\"https:\/\/www.guiafacilbrasil.com.br\/blog\/wp-content\/uploads\/2026\/04\/Policia-Federal-confirma-chegada-de-Daniel-Vorcaro-ao-hospital-para-realizacao-de-exames-300x160.png\" alt=\"\" width=\"300\" height=\"160\" srcset=\"https:\/\/www.guiafacilbrasil.com.br\/blog\/wp-content\/uploads\/2026\/04\/Policia-Federal-confirma-chegada-de-Daniel-Vorcaro-ao-hospital-para-realizacao-de-exames-300x160.png 300w, https:\/\/www.guiafacilbrasil.com.br\/blog\/wp-content\/uploads\/2026\/04\/Policia-Federal-confirma-chegada-de-Daniel-Vorcaro-ao-hospital-para-realizacao-de-exames.png 554w\" sizes=\"(max-width: 300px) 100vw, 300px\" \/><\/p>\n<p>O banqueiro <strong>Daniel Vorcaro<\/strong>, dono do <strong>Banco Master<\/strong>, foi levado ao <strong>Hospital DF Star<\/strong>, em <strong>Bras\u00edlia<\/strong>, para realiza\u00e7\u00e3o de exames m\u00e9dicos ap\u00f3s autoriza\u00e7\u00e3o judicial. A informa\u00e7\u00e3o foi confirmada pela <strong>Pol\u00edcia Federal<\/strong> nesta quinta-feira (23\/4).<\/p>\n<h2 class=\"wp-block-heading\">Por que Daniel Vorcaro foi levado ao Hospital DF Star em Bras\u00edlia?<\/h2>\n<p>A ida de <strong>Daniel Vorcaro<\/strong> ao hospital ocorreu ap\u00f3s ele apresentar um mal-estar enquanto estava preso na <strong>Superintend\u00eancia da Pol\u00edcia Federal<\/strong>, no Distrito Federal. O epis\u00f3dio aconteceu na segunda-feira (20\/4), gerando aten\u00e7\u00e3o das autoridades.<\/p>\n<p>Segundo informa\u00e7\u00f5es da <strong>CNN Brasil<\/strong>, o banqueiro chegou a ser atendido por um m\u00e9dico dentro da pr\u00f3pria unidade prisional antes de ser avaliada a necessidade de exames externos.<\/p>\n<h2 class=\"wp-block-heading\">Como ocorreu a autoriza\u00e7\u00e3o do STF para o deslocamento?<\/h2>\n<p>Na noite anterior ao deslocamento, o ministro <strong>Andr\u00e9 Mendon\u00e7a<\/strong>, do <strong>Supremo Tribunal Federal (STF)<\/strong>, autorizou que Vorcaro deixasse a unidade prisional para realizar exames m\u00e9dicos em ambiente hospitalar.<\/p>\n<p>A decis\u00e3o considerou o pedido da defesa, que solicitou uma avalia\u00e7\u00e3o mais detalhada fora do sistema prisional. A medida seguiu os tr\u00e2mites legais necess\u00e1rios para o deslocamento sob cust\u00f3dia.<\/p>\n<h2 class=\"wp-block-heading\">Qual \u00e9 o estado de sa\u00fade relatado do banqueiro na pris\u00e3o?<\/h2>\n<p>O estado de <strong>sa\u00fade de Daniel Vorcaro ganhou aten\u00e7\u00e3o ap\u00f3s o epis\u00f3dio<\/strong> de mal-estar registrado na \u00faltima segunda-feira. Ele estava sob cust\u00f3dia da PF quando apresentou sintomas que motivaram atendimento m\u00e9dico imediato.<\/p>\n<p>De acordo com fontes ligadas ao caso, o atendimento inicial ocorreu dentro da pr\u00f3pria cela ou unidade de cust\u00f3dia, antes da solicita\u00e7\u00e3o de exames mais aprofundados fora da pris\u00e3o.<\/p>\n<h2 class=\"wp-block-heading\">O que diz a defesa de Daniel Vorcaro sobre os exames m\u00e9dicos?<\/h2>\n<p>A defesa do banqueiro afirmou que a realiza\u00e7\u00e3o de exames fora do ambiente prisional era necess\u00e1ria para uma avalia\u00e7\u00e3o mais completa do estado de sa\u00fade de <strong>Vorcaro<\/strong>. O objetivo seria garantir um diagn\u00f3stico mais preciso.<\/p>\n<p>Entre os pontos destacados pelos advogados, est\u00e3o pedidos formais relacionados \u00e0 condi\u00e7\u00e3o cl\u00ednica do empres\u00e1rio. Veja os principais argumentos apresentados:<\/p>\n<ul class=\"wp-block-list\">\n<li>Necessidade de <strong>avalia\u00e7\u00e3o m\u00e9dica detalhada<\/strong><\/li>\n<li>Solicita\u00e7\u00e3o de exames fora da unidade prisional<\/li>\n<li>Preocupa\u00e7\u00e3o com a <strong>condi\u00e7\u00e3o de sa\u00fade atual<\/strong><\/li>\n<li>Garantia de acompanhamento especializado em hospital<\/li>\n<\/ul>\n<h2 class=\"wp-block-heading\">Como a Pol\u00edcia Federal confirmou a ida ao hospital?<\/h2>\n<p>A <strong>Pol\u00edcia Federal<\/strong> informou oficialmente, na tarde de quinta-feira (23\/4), que o banqueiro foi conduzido ao <strong>Hospital DF Star<\/strong> para a realiza\u00e7\u00e3o de exames m\u00e9dicos.<\/p>\n<p>A institui\u00e7\u00e3o tamb\u00e9m confirmou que ele permanece sob cust\u00f3dia, mesmo durante o atendimento hospitalar. O deslocamento ocorreu de forma controlada e com autoriza\u00e7\u00e3o judicial pr\u00e9via.<\/p>\n<h2 class=\"wp-block-heading\">Quais s\u00e3o os pr\u00f3ximos passos do caso de Daniel Vorcaro?<\/h2>\n<p>Ap\u00f3s a realiza\u00e7\u00e3o dos exames no hospital, os resultados dever\u00e3o ser avaliados para definir se haver\u00e1 continuidade de cuidados m\u00e9dicos fora do ambiente prisional ou retorno \u00e0 unidade da PF.<\/p>\n<p>O caso de <strong>Daniel Vorcaro<\/strong> segue em an\u00e1lise, com acompanhamento da Justi\u00e7a e da defesa, que aguarda novos desdobramentos sobre sua condi\u00e7\u00e3o de sa\u00fade e perman\u00eancia sob cust\u00f3dia.<\/p>\n<p>&nbsp;<\/p>\n<div>\n<div>\n<div class=\"google-auto-placed\">\n<div class=\"panel panel-default painel-estabeleciment \">\n<div class=\"row\">\u00a0 \u00a0 <a href=\"https:\/\/terrabrasilnoticias.com\">TerraBrasil<\/a>\u00a0\u2013 <a href=\"http:\/\/guiafacilbrasil.com.br\/blog\/\">\u00a0GuiaF\u00e1cilBrasil<\/a><\/div>\n<\/div>\n<\/div>\n<\/div>\n<\/div>\n","protected":false},"excerpt":{"rendered":"<p>O banqueiro Daniel Vorcaro, dono do Banco Master, foi levado ao Hospital DF Star, em Bras\u00edlia, para realiza\u00e7\u00e3o de exames m\u00e9dicos ap\u00f3s autoriza\u00e7\u00e3o judicial. A informa\u00e7\u00e3o foi confirmada pela Pol\u00edcia Federal nesta quinta-feira (23\/4). Por que Daniel Vorcaro foi levado ao Hospital DF Star em Bras\u00edlia? A ida de Daniel Vorcaro ao hospital ocorreu ap\u00f3s [&hellip;]<\/p>\n","protected":false},"author":2,"featured_media":26434,"comment_status":"open","ping_status":"open","sticky":false,"template":"","format":"standard","meta":[],"categories":[21],"tags":[],"_links":{"self":[{"href":"https:\/\/www.guiafacilbrasil.com.br\/blog\/wp-json\/wp\/v2\/posts\/26433"}],"collection":[{"href":"https:\/\/www.guiafacilbrasil.com.br\/blog\/wp-json\/wp\/v2\/posts"}],"about":[{"href":"https:\/\/www.guiafacilbrasil.com.br\/blog\/wp-json\/wp\/v2\/types\/post"}],"author":[{"embeddable":true,"href":"https:\/\/www.guiafacilbrasil.com.br\/blog\/wp-json\/wp\/v2\/users\/2"}],"replies":[{"embeddable":true,"href":"https:\/\/www.guiafacilbrasil.com.br\/blog\/wp-json\/wp\/v2\/comments?post=26433"}],"version-history":[{"count":1,"href":"https:\/\/www.guiafacilbrasil.com.br\/blog\/wp-json\/wp\/v2\/posts\/26433\/revisions"}],"predecessor-version":[{"id":26435,"href":"https:\/\/www.guiafacilbrasil.com.br\/blog\/wp-json\/wp\/v2\/posts\/26433\/revisions\/26435"}],"wp:featuredmedia":[{"embeddable":true,"href":"https:\/\/www.guiafacilbrasil.com.br\/blog\/wp-json\/wp\/v2\/media\/26434"}],"wp:attachment":[{"href":"https:\/\/www.guiafacilbrasil.com.br\/blog\/wp-json\/wp\/v2\/media?parent=26433"}],"wp:term":[{"taxonomy":"category","embeddable":true,"href":"https:\/\/www.guiafacilbrasil.com.br\/blog\/wp-json\/wp\/v2\/categories?post=26433"},{"taxonomy":"post_tag","embeddable":true,"href":"https:\/\/www.guiafacilbrasil.com.br\/blog\/wp-json\/wp\/v2\/tags?post=26433"}],"curies":[{"name":"wp","href":"https:\/\/api.w.org\/{rel}","templated":true}]}}