{"id":26429,"date":"2026-04-23T19:03:20","date_gmt":"2026-04-23T22:03:20","guid":{"rendered":"https:\/\/www.guiafacilbrasil.com.br\/blog\/?p=26429"},"modified":"2026-04-23T19:03:34","modified_gmt":"2026-04-23T22:03:34","slug":"gilmar-nega-racha-no-stf-mas-diz-que-sempre-houve-divisoes-no-tribunal-veja-video","status":"publish","type":"post","link":"https:\/\/www.guiafacilbrasil.com.br\/blog\/gilmar-nega-racha-no-stf-mas-diz-que-sempre-houve-divisoes-no-tribunal-veja-video\/","title":{"rendered":"Gilmar nega racha no STF, mas diz que \u201csempre houve divis\u00f5es no tribunal\u201d. Veja v\u00eddeo"},"content":{"rendered":"<p><img loading=\"lazy\" class=\"alignnone size-medium wp-image-26430\" src=\"https:\/\/www.guiafacilbrasil.com.br\/blog\/wp-content\/uploads\/2026\/04\/Gilmar-nega-racha-no-STF-mas-diz-que-sempre-houve-divisoes-no-tribunal.-Veja-video-300x203.png\" alt=\"\" width=\"300\" height=\"203\" srcset=\"https:\/\/www.guiafacilbrasil.com.br\/blog\/wp-content\/uploads\/2026\/04\/Gilmar-nega-racha-no-STF-mas-diz-que-sempre-houve-divisoes-no-tribunal.-Veja-video-300x203.png 300w, https:\/\/www.guiafacilbrasil.com.br\/blog\/wp-content\/uploads\/2026\/04\/Gilmar-nega-racha-no-STF-mas-diz-que-sempre-houve-divisoes-no-tribunal.-Veja-video.png 497w\" sizes=\"(max-width: 300px) 100vw, 300px\" \/><\/p>\n<p><a href=\"https:\/\/www.metropoles.com\/colunas\/manoela-alcantara\" target=\"_top\" rel=\"noopener\">Manoela Alc\u00e2ntara<\/a><\/p>\n<h2 class=\"Text__TextBase-sc-1d75gww-0 eOYeiH noticiaCabecalho__subtitulo\">Decano diz que diverg\u00eancias s\u00e3o naturais em tribunal colegiado e que n\u00e3o v\u00ea Corte \u201crachada\u201d<\/h2>\n<p>O ministro Gilmar Mendes, do Supremo Tribunal Federal (STF), afirmou que n\u00e3o v\u00ea a Corte como \u201crachada\u201d e que entende que divis\u00f5es na configura\u00e7\u00e3o do tribunal sempre ocorreram.<\/p>\n<p>Em entrevista ao <strong>Metr\u00f3poles<\/strong>, concedida \u00e0s jornalistas Manoela Alc\u00e2ntara e Mar\u00edlia Ribeiro, na tarde desta quinta-feira (23\/4), Gilmar disse que a <strong>Corte \u00e9 um modelo colegiado e, por isso, nem sempre haver\u00e1 unanimidade.<\/strong><\/p>\n<p><iframe loading=\"lazy\" title=\"Gilmar Mendes nega que STF esteja rachado ap\u00f3s esc\u00e2ndalos\" width=\"800\" height=\"450\" src=\"https:\/\/www.youtube.com\/embed\/NRvvBynUZf0?feature=oembed\" frameborder=\"0\" allow=\"accelerometer; autoplay; clipboard-write; encrypted-media; gyroscope; picture-in-picture; web-share\" referrerpolicy=\"strict-origin-when-cross-origin\" allowfullscreen><\/iframe><\/p>\n<blockquote><p>\u201cN\u00e3o [h\u00e1 STF rachado]. Al\u00e9m disso, <strong><span class=\"highlight highlight-visible\">divis\u00f5es sempre houve no tribunal, e a unanimidade tamb\u00e9m n\u00e3o \u00e9 um estado normal no tribunal e nas cortes em geral.<\/span><\/strong> O tribunal \u00e9 um modelo de colegiado\u201d, disse o decano.<\/p><\/blockquote>\n<p>Gilmar prosseguiu: \u201cEu j\u00e1 disse, em outras oportunidades, que ideias de fora para dentro normalmente n\u00e3o s\u00e3o bem recebidas. Quem imagina isso, que vai fazer pacto com este ou aquele \u2014 academia, vai l\u00e1 na FGV, vai l\u00e1 no Instituto FHC e tal \u2014 e vai pressionar o tribunal, n\u00e3o conhece o tribunal\u201d.<\/p>\n<p>A declara\u00e7\u00e3o ocorre em meio a avalia\u00e7\u00f5es de que a Corte estaria dividida, especialmente em rela\u00e7\u00e3o \u00e0 repercuss\u00e3o do caso Master e ao <strong>C\u00f3digo de \u00c9tica, atualmente em elabora\u00e7\u00e3o pela ministra C\u00e1rmen L\u00facia, escolhida como relatora pelo presidente do STF, ministro Edson Fachin.<\/strong><\/p>\n<p>&nbsp;<\/p>\n<div>\n<div>\n<div class=\"google-auto-placed\">\n<div class=\"panel panel-default painel-estabeleciment \">\n<div class=\"row\">\u00a0 <a href=\"https:\/\/www.metropoles.com\">\u00a0 Metropoles<\/a>\u00a0\u2013 <a href=\"http:\/\/guiafacilbrasil.com.br\/blog\/\">\u00a0GuiaF\u00e1cilBrasil<\/a><\/div>\n<\/div>\n<\/div>\n<\/div>\n<\/div>\n","protected":false},"excerpt":{"rendered":"<p>Manoela Alc\u00e2ntara Decano diz que diverg\u00eancias s\u00e3o naturais em tribunal colegiado e que n\u00e3o v\u00ea Corte \u201crachada\u201d O ministro Gilmar Mendes, do Supremo Tribunal Federal (STF), afirmou que n\u00e3o v\u00ea a Corte como \u201crachada\u201d e que entende que divis\u00f5es na configura\u00e7\u00e3o do tribunal sempre ocorreram. Em entrevista ao Metr\u00f3poles, concedida \u00e0s jornalistas Manoela Alc\u00e2ntara e [&hellip;]<\/p>\n","protected":false},"author":2,"featured_media":26430,"comment_status":"open","ping_status":"open","sticky":false,"template":"","format":"standard","meta":[],"categories":[8],"tags":[],"_links":{"self":[{"href":"https:\/\/www.guiafacilbrasil.com.br\/blog\/wp-json\/wp\/v2\/posts\/26429"}],"collection":[{"href":"https:\/\/www.guiafacilbrasil.com.br\/blog\/wp-json\/wp\/v2\/posts"}],"about":[{"href":"https:\/\/www.guiafacilbrasil.com.br\/blog\/wp-json\/wp\/v2\/types\/post"}],"author":[{"embeddable":true,"href":"https:\/\/www.guiafacilbrasil.com.br\/blog\/wp-json\/wp\/v2\/users\/2"}],"replies":[{"embeddable":true,"href":"https:\/\/www.guiafacilbrasil.com.br\/blog\/wp-json\/wp\/v2\/comments?post=26429"}],"version-history":[{"count":2,"href":"https:\/\/www.guiafacilbrasil.com.br\/blog\/wp-json\/wp\/v2\/posts\/26429\/revisions"}],"predecessor-version":[{"id":26432,"href":"https:\/\/www.guiafacilbrasil.com.br\/blog\/wp-json\/wp\/v2\/posts\/26429\/revisions\/26432"}],"wp:featuredmedia":[{"embeddable":true,"href":"https:\/\/www.guiafacilbrasil.com.br\/blog\/wp-json\/wp\/v2\/media\/26430"}],"wp:attachment":[{"href":"https:\/\/www.guiafacilbrasil.com.br\/blog\/wp-json\/wp\/v2\/media?parent=26429"}],"wp:term":[{"taxonomy":"category","embeddable":true,"href":"https:\/\/www.guiafacilbrasil.com.br\/blog\/wp-json\/wp\/v2\/categories?post=26429"},{"taxonomy":"post_tag","embeddable":true,"href":"https:\/\/www.guiafacilbrasil.com.br\/blog\/wp-json\/wp\/v2\/tags?post=26429"}],"curies":[{"name":"wp","href":"https:\/\/api.w.org\/{rel}","templated":true}]}}