{"id":26425,"date":"2026-04-22T18:16:10","date_gmt":"2026-04-22T21:16:10","guid":{"rendered":"https:\/\/www.guiafacilbrasil.com.br\/blog\/?p=26425"},"modified":"2026-04-22T18:16:21","modified_gmt":"2026-04-22T21:16:21","slug":"pedido-de-prisao-de-ex-presidente-do-brb-e-reafirmado-por-andre-mendonca-em-decisao-no-stf","status":"publish","type":"post","link":"https:\/\/www.guiafacilbrasil.com.br\/blog\/pedido-de-prisao-de-ex-presidente-do-brb-e-reafirmado-por-andre-mendonca-em-decisao-no-stf\/","title":{"rendered":"Pedido de pris\u00e3o de ex-presidente do BRB \u00e9 reafirmado por Andr\u00e9 Mendon\u00e7a em decis\u00e3o no STF"},"content":{"rendered":"<p><img loading=\"lazy\" class=\"alignnone size-medium wp-image-26426\" src=\"https:\/\/www.guiafacilbrasil.com.br\/blog\/wp-content\/uploads\/2026\/04\/Pedido-de-prisao-de-ex-presidente-do-BRB-e-reafirmado-por-Andre-Mendonca-em-decisao-no-STF-300x149.png\" alt=\"\" width=\"300\" height=\"149\" srcset=\"https:\/\/www.guiafacilbrasil.com.br\/blog\/wp-content\/uploads\/2026\/04\/Pedido-de-prisao-de-ex-presidente-do-BRB-e-reafirmado-por-Andre-Mendonca-em-decisao-no-STF-300x149.png 300w, https:\/\/www.guiafacilbrasil.com.br\/blog\/wp-content\/uploads\/2026\/04\/Pedido-de-prisao-de-ex-presidente-do-BRB-e-reafirmado-por-Andre-Mendonca-em-decisao-no-STF.png 598w\" sizes=\"(max-width: 300px) 100vw, 300px\" \/><\/p>\n<p><a href=\"https:\/\/terrabrasilnoticias.com\/author\/juniormelo\/\">Junior Melo<\/a><\/p>\n<p>O ministro <strong>Andr\u00e9 Mendon\u00e7a<\/strong>, do <strong>STF<\/strong>, reafirmou a decis\u00e3o que determina a pris\u00e3o preventiva do <strong>ex-presidente do BRB<\/strong> em meio a investiga\u00e7\u00e3o sobre suposto esquema de propina milion\u00e1ria.<\/p>\n<h2 class=\"wp-block-heading\">O que decidiu Andr\u00e9 Mendon\u00e7a sobre a pris\u00e3o preventiva do ex-presidente do BRB?<\/h2>\n<p>O ministro <strong>Andr\u00e9 Mendon\u00e7a<\/strong> confirmou nesta quarta-feira (22\/4) sua decis\u00e3o que autoriza a pris\u00e3o preventiva de <strong>Paulo Henrique Costa<\/strong>, ex-presidente do Banco de Bras\u00edlia. O caso envolve suspeitas de negocia\u00e7\u00e3o de valores milion\u00e1rios em propina.<\/p>\n<p>A decis\u00e3o foi reafirmada no <strong>\u00e2mbito da an\u00e1lise da 2\u00aa Turma do STF<\/strong>, onde o relator manteve o entendimento j\u00e1 apresentado anteriormente. O processo segue em julgamento colegiado.<\/p>\n<h2 class=\"wp-block-heading\">Como est\u00e1 o placar no julgamento da 2\u00aa Turma do STF?<\/h2>\n<p>At\u00e9 o momento, o placar est\u00e1 em <strong>2 a 0<\/strong> a favor da manuten\u00e7\u00e3o da decis\u00e3o de Mendon\u00e7a. O ministro <strong>Luiz Fux<\/strong> acompanhou integralmente o relator.<\/p>\n<p>Ainda faltam votar os ministros <strong>Gilmar Mendes<\/strong> e <strong>Nunes Marques<\/strong>, enquanto <strong>Dias Toffoli<\/strong> declarou suspei\u00e7\u00e3o e n\u00e3o participa da an\u00e1lise do caso. O julgamento segue em andamento.<\/p>\n<h2 class=\"wp-block-heading\">Quais s\u00e3o as suspeitas envolvendo o ex-presidente do BRB?<\/h2>\n<p>A investiga\u00e7\u00e3o aponta que o ex-presidente do BRB e o advogado <strong>Daniel Monteiro<\/strong> teriam negociado cerca de <strong>R$ 146 milh\u00f5es em propina<\/strong>, sendo parte dos valores efetivamente pagos segundo a Pol\u00edcia Federal.<\/p>\n<p>Segundo os investigadores, os pagamentos estariam associados a im\u00f3veis de alto padr\u00e3o usados como forma de repasse de vantagens indevidas. Entre os bens citados est\u00e3o:<\/p>\n<ul class=\"wp-block-list\">\n<li>Heritage<\/li>\n<li>Arb\u00f3rea<\/li>\n<li>One Sixty<\/li>\n<li>Casa Lafer<\/li>\n<li>Ennius Muniz<\/li>\n<li>Valle dos Ip\u00eas<\/li>\n<\/ul>\n<h2 class=\"wp-block-heading\">Como ser\u00e1 a 4\u00aa fase da Opera\u00e7\u00e3o Compliance Zero?<\/h2>\n<p>A pris\u00e3o preventiva foi autorizada no contexto da <strong>4\u00aa fase da Opera\u00e7\u00e3o Compliance Zero<\/strong>, conduzida a partir de ind\u00edcios de irregularidades financeiras envolvendo o banco e agentes privados.<\/p>\n<p>Segundo a investiga\u00e7\u00e3o, parte das transa\u00e7\u00f5es teria sido interrompida ap\u00f3s vazamentos sobre uma apura\u00e7\u00e3o sigilosa do <strong>Minist\u00e9rio P\u00fablico Federal<\/strong> iniciada em abril de 2025. A Pol\u00edcia Federal afirma que a revela\u00e7\u00e3o da investiga\u00e7\u00e3o teria levado \u00e0 suspens\u00e3o de pagamentos e mudan\u00e7as na estrutura das negocia\u00e7\u00f5es suspeitas.<\/p>\n<h2 class=\"wp-block-heading\">Como teria funcionado o esquema investigado pela Pol\u00edcia Federal?<\/h2>\n<p>As apura\u00e7\u00f5es indicam que, ao tomar conhecimento das investiga\u00e7\u00f5es, o empres\u00e1rio <strong>Daniel Vorcaro<\/strong> teria ordenado o bloqueio de pagamentos e a paralisa\u00e7\u00e3o de registros das transa\u00e7\u00f5es.<\/p>\n<p>A PF tamb\u00e9m aponta que documentos sigilosos teriam sido repassados a envolvidos antes da formaliza\u00e7\u00e3o de algumas opera\u00e7\u00f5es, o que teria comprometido a continuidade do suposto esquema:<\/p>\n<ul class=\"wp-block-list\">\n<li>Interrup\u00e7\u00e3o de pagamentos ap\u00f3s vazamento da investiga\u00e7\u00e3o<\/li>\n<li>Ordem para \u201ctravar tudo\u201d nas negocia\u00e7\u00f5es<\/li>\n<li>Uso de intermedi\u00e1rios para movimenta\u00e7\u00e3o de informa\u00e7\u00f5es sigilosas<\/li>\n<li>Poss\u00edvel antecipa\u00e7\u00e3o de dados de investiga\u00e7\u00e3o antes da notifica\u00e7\u00e3o oficial<\/li>\n<\/ul>\n<h2 class=\"wp-block-heading\">O que diz o voto de Andr\u00e9 Mendon\u00e7a no STF?<\/h2>\n<p>No voto, o ministro <strong>Andr\u00e9 Mendon\u00e7a<\/strong> reiterou os fundamentos j\u00e1 apresentados na decis\u00e3o inicial, destacando a consist\u00eancia das provas reunidas at\u00e9 o momento.<\/p>\n<p>Ele afirmou que o conjunto de informa\u00e7\u00f5es indica alta probabilidade de que os investigados tinham conhecimento pr\u00e9vio da investiga\u00e7\u00e3o, refor\u00e7ando a necessidade da manuten\u00e7\u00e3o da medida cautelar. O ministro concluiu defendendo o <strong>referendo da decis\u00e3o de pris\u00e3o preventiva<\/strong>, mantendo o entendimento j\u00e1 adotado anteriormente no processo.<\/p>\n<p>&nbsp;<\/p>\n<div>\n<div>\n<div class=\"google-auto-placed\">\n<div class=\"panel panel-default painel-estabeleciment \">\n<div class=\"row\">\u00a0 \u00a0 <a href=\"https:\/\/terrabrasilnoticias.com\">TerraBrasil<\/a>\u00a0\u2013 <a href=\"http:\/\/guiafacilbrasil.com.br\/blog\/\">\u00a0GuiaF\u00e1cilBrasil<\/a><\/div>\n<\/div>\n<\/div>\n<\/div>\n<\/div>\n","protected":false},"excerpt":{"rendered":"<p>Junior Melo O ministro Andr\u00e9 Mendon\u00e7a, do STF, reafirmou a decis\u00e3o que determina a pris\u00e3o preventiva do ex-presidente do BRB em meio a investiga\u00e7\u00e3o sobre suposto esquema de propina milion\u00e1ria. O que decidiu Andr\u00e9 Mendon\u00e7a sobre a pris\u00e3o preventiva do ex-presidente do BRB? O ministro Andr\u00e9 Mendon\u00e7a confirmou nesta quarta-feira (22\/4) sua decis\u00e3o que autoriza [&hellip;]<\/p>\n","protected":false},"author":2,"featured_media":26426,"comment_status":"open","ping_status":"open","sticky":false,"template":"","format":"standard","meta":[],"categories":[29],"tags":[],"_links":{"self":[{"href":"https:\/\/www.guiafacilbrasil.com.br\/blog\/wp-json\/wp\/v2\/posts\/26425"}],"collection":[{"href":"https:\/\/www.guiafacilbrasil.com.br\/blog\/wp-json\/wp\/v2\/posts"}],"about":[{"href":"https:\/\/www.guiafacilbrasil.com.br\/blog\/wp-json\/wp\/v2\/types\/post"}],"author":[{"embeddable":true,"href":"https:\/\/www.guiafacilbrasil.com.br\/blog\/wp-json\/wp\/v2\/users\/2"}],"replies":[{"embeddable":true,"href":"https:\/\/www.guiafacilbrasil.com.br\/blog\/wp-json\/wp\/v2\/comments?post=26425"}],"version-history":[{"count":2,"href":"https:\/\/www.guiafacilbrasil.com.br\/blog\/wp-json\/wp\/v2\/posts\/26425\/revisions"}],"predecessor-version":[{"id":26428,"href":"https:\/\/www.guiafacilbrasil.com.br\/blog\/wp-json\/wp\/v2\/posts\/26425\/revisions\/26428"}],"wp:featuredmedia":[{"embeddable":true,"href":"https:\/\/www.guiafacilbrasil.com.br\/blog\/wp-json\/wp\/v2\/media\/26426"}],"wp:attachment":[{"href":"https:\/\/www.guiafacilbrasil.com.br\/blog\/wp-json\/wp\/v2\/media?parent=26425"}],"wp:term":[{"taxonomy":"category","embeddable":true,"href":"https:\/\/www.guiafacilbrasil.com.br\/blog\/wp-json\/wp\/v2\/categories?post=26425"},{"taxonomy":"post_tag","embeddable":true,"href":"https:\/\/www.guiafacilbrasil.com.br\/blog\/wp-json\/wp\/v2\/tags?post=26425"}],"curies":[{"name":"wp","href":"https:\/\/api.w.org\/{rel}","templated":true}]}}