{"id":26418,"date":"2026-04-22T18:04:43","date_gmt":"2026-04-22T21:04:43","guid":{"rendered":"https:\/\/www.guiafacilbrasil.com.br\/blog\/?p=26418"},"modified":"2026-04-22T18:04:43","modified_gmt":"2026-04-22T21:04:43","slug":"pf-retira-credenciais-de-agente-dos-eua-no-brasil-por-reciprocidade","status":"publish","type":"post","link":"https:\/\/www.guiafacilbrasil.com.br\/blog\/pf-retira-credenciais-de-agente-dos-eua-no-brasil-por-reciprocidade\/","title":{"rendered":"PF retira credenciais de agente dos EUA no Brasil por \u201creciprocidade\u201d"},"content":{"rendered":"<p><img loading=\"lazy\" class=\"alignnone size-medium wp-image-26419\" src=\"https:\/\/www.guiafacilbrasil.com.br\/blog\/wp-content\/uploads\/2026\/04\/PF-retira-credenciais-de-agente-dos-EUA-no-Brasil-por-reciprocidade-300x202.png\" alt=\"\" width=\"300\" height=\"202\" srcset=\"https:\/\/www.guiafacilbrasil.com.br\/blog\/wp-content\/uploads\/2026\/04\/PF-retira-credenciais-de-agente-dos-EUA-no-Brasil-por-reciprocidade-300x202.png 300w, https:\/\/www.guiafacilbrasil.com.br\/blog\/wp-content\/uploads\/2026\/04\/PF-retira-credenciais-de-agente-dos-EUA-no-Brasil-por-reciprocidade.png 501w\" sizes=\"(max-width: 300px) 100vw, 300px\" \/><\/p>\n<p><a href=\"https:\/\/www.metropoles.com\/author\/camila-viegas\" target=\"_top\" rel=\"author noopener\">Camila Viegas<\/a><a href=\"https:\/\/www.metropoles.com\/author\/luana-patriolino\" target=\"_top\" rel=\"author noopener\">Luana Patriolino<\/a><\/p>\n<h2 class=\"Text__TextBase-sc-1d75gww-0 eOYeiH noticiaCabecalho__subtitulo\">Decis\u00e3o foi tomada pelo \u201cprinc\u00edpio da reciprocidade\u201d ap\u00f3s os EUA expulsarem o delegado da PF Marcelo Ivo do pa\u00eds<\/h2>\n<p>O diretor-geral da Pol\u00edcia Federal (PF), Andrei Rodrigues, afirmou nesta quarta-feira (22\/4) que a institui\u00e7\u00e3o retirou as credenciais de um agente de imigra\u00e7\u00e3o dos EUA que atuava na sede da corpora\u00e7\u00e3o em Bras\u00edlia.<\/p>\n<p data-gtm-vis-recent-on-screen104869357_94=\"188986\" data-gtm-vis-first-on-screen104869357_94=\"188986\" data-gtm-vis-total-visible-time104869357_94=\"100\" data-gtm-vis-has-fired104869357_94=\"1\">Segundo Andrei, a decis\u00e3o foi tomada pelo \u201cprinc\u00edpio da reciprocidade\u201d ap\u00f3s os Estados Unidos expulsarem o delegado da PF Marcelo Ivo, que forneceu informa\u00e7\u00f5es para a pris\u00e3o do ex-deputado Alexandre Ramagem (PL-RJ) em territ\u00f3rio americano.<\/p>\n<blockquote><p>\u201cFa\u00e7o com muito pesar. Gostaria que nada disso estivesse acontecendo\u201d, declarou, em entrevista \u00e0 GloboNews.<\/p><\/blockquote>\n<blockquote><p>Na diplomacia, a reciprocidade funciona como um mecanismo de equil\u00edbrio: a\u00e7\u00f5es tomadas por um governo tendem a ser respondidas de maneira semelhante pelo outro, como forma de manter tratamento equivalente entre os pa\u00edses.<\/p><\/blockquote>\n<blockquote><p><span class=\"highlight highlight-visible\">O delegado Marcelo Ivo de Carvalho j\u00e1 estava com a sa\u00edda programada do pa\u00eds por determina\u00e7\u00e3o do pr\u00f3prio diretor-geral da PF, Andrei Rodrigues.<\/span><\/p><\/blockquote>\n<blockquote><p>O chefe da corpora\u00e7\u00e3o assinou a nomea\u00e7\u00e3o da delegada Tatiana Alves Torres para atuar como oficial de liga\u00e7\u00e3o no Servi\u00e7o de Imigra\u00e7\u00e3o e Controle de Aduanas dos Estados Unidos (ICE), em substitui\u00e7\u00e3o a Marcelo Ivo, <strong>em uma portaria de 17 de mar\u00e7o<\/strong>. A decis\u00e3o foi publicada no Di\u00e1rio Oficial da Uni\u00e3o (DOU) tr\u00eas dias depois.<\/p>\n<p><span class=\"highlight highlight-visible\">Apesar da nomea\u00e7\u00e3o, a perman\u00eancia de Marcelo Ivo no cargo, que ele ocupava desde 2023, iria at\u00e9 agosto. Ele teve a volta adiantada ap\u00f3s as autoridades norte-americanas o acusarem de \u201ccontornar pedidos de extradi\u00e7\u00e3o\u201d. <\/span><\/p>\n<h2><strong>Entenda o caso<\/strong><\/h2>\n<ul>\n<li>O epis\u00f3dio est\u00e1 ligado \u00e0 deten\u00e7\u00e3o, na semana passada, do ex-deputado federal Alexandre Ramagem nos Estados Unidos.<\/li>\n<li>Considerado foragido pela Justi\u00e7a brasileira, ele havia sido alvo de um pedido de extradi\u00e7\u00e3o.<\/li>\n<li>A Pol\u00edcia Federal afirmou que a pris\u00e3o ocorreu com base na coopera\u00e7\u00e3o entre os dois pa\u00edses.<\/li>\n<li>J\u00e1 os EUA sustentam que a abordagem ocorreu ap\u00f3s verifica\u00e7\u00e3o do status migrat\u00f3rio.<\/li>\n<li>Ramagem foi liberado dois dias depois, sem aviso pr\u00e9vio \u00e0s autoridades brasileiras.<\/li>\n<li>Segundo os EUA, o ex-deputado poder\u00e1 permanecer em solo norte-americano, enquanto aguarda resposta ao pedido de asilo.<\/li>\n<li>Ao justificar a expuls\u00e3o do delegado da PF, o<strong> Departamento de Estado americano acusou o brasileiro de tentar \u201cmanipular o sistema de imigra\u00e7\u00e3o\u201d para contornar procedimentos formais de extradi\u00e7\u00e3o.<\/strong><\/li>\n<li>A medida foi interpretada pelo governo brasileiro como uma quebra de confian\u00e7a na coopera\u00e7\u00e3o bilateral, ponto que agora est\u00e1 no centro da tens\u00e3o diplom\u00e1tica.<\/li>\n<\/ul>\n<div class=\"splide-container\">\n<div class=\"pre-slider\">\n<div class=\"splide__arrows\"><\/div>\n<div class=\"splide__first\">\n<div class=\"splide__slide\"><img title=\"PF retira credenciais de agente dos EUA no Brasil por \u201creciprocidade\u201d - destaque galeria\" src=\"https:\/\/i.metroimg.com\/JdpP7ORfmz1_IVQsSUXImt6wcY5CczlAZWz8gy0BV8s\/w:600\/q:85\/f:webp\/plain\/https:\/\/images.metroimg.com\/2026\/04\/marcelo-ivoo.jpg\" alt=\"PF retira credenciais de agente dos EUA no Brasil por \u201creciprocidade\u201d - destaque galeria\" \/><\/div>\n<\/div>\n<div class=\"splide__thumb-list\">\n<div class=\"splide__slide\">\n<div class=\"splide__total-images\">4 imagens<\/div>\n<p><img title=\"Marcelo Ivo atuou na pris\u00e3o do deputado federal cassado Alexandre Ramagem do territ\u00f3rio norte-americano.\" src=\"https:\/\/i.metroimg.com\/F1l2Dm8KFxFAI9OYXfi-E-GRf5YFMO-kqjQsFKOCd1w\/w:180\/q:85\/f:webp\/plain\/https:\/\/images.metroimg.com\/2026\/04\/marcelo-ivo-de-carvalho-e1776784543431.jpg\" alt=\"Marcelo Ivo atuou na pris\u00e3o do deputado federal cassado Alexandre Ramagem do territ\u00f3rio norte-americano.\" \/><img title=\"O diretor-geral da PF, Andrei Passos Rodrigues, havia determinado, no m\u00eas passado, a volta do delegado ao Brasil\" src=\"https:\/\/i.metroimg.com\/Gbv6eiICQBSzZkLMQsp8nuuc5ceJREZYrVLNRjrM87o\/w:180\/q:85\/f:webp\/plain\/https:\/\/images.metroimg.com\/2025\/09\/30102518\/Diretor-geral-da-Policia-Federal-Andrei-Rodrigues.-Ricardo-Lewandowski-Policia-Federal-abra-um-inquerito-para-investigar-a-rede-de-distribuicao-de-bebidas-alcoolicas-adulteradas-com-metanol-Metropoles-1.jpg\" alt=\"O diretor-geral da PF, Andrei Passos Rodrigues, havia determinado, no m\u00eas passado, a volta do delegado ao Brasil\" \/><img title=\"Alexandre Ramagem foi preso pelo ICE na semana passada\" src=\"https:\/\/i.metroimg.com\/HKTNThzHQp-mez5vA-l8j0xZpnVSnqCGgI53VSHDpVI\/w:180\/q:85\/f:webp\/plain\/https:\/\/images.metroimg.com\/284ad88f-alexandre-ramagem.jpg\" alt=\"Alexandre Ramagem foi preso pelo ICE na semana passada\" \/><\/div>\n<div>\n<p>&nbsp;<\/p>\n<div>\n<div>\n<div class=\"google-auto-placed\">\n<div class=\"panel panel-default painel-estabeleciment \">\n<div class=\"row\">\u00a0 <a href=\"https:\/\/www.metropoles.com\">\u00a0 Metropoles<\/a>\u00a0\u2013 <a href=\"http:\/\/guiafacilbrasil.com.br\/blog\/\">\u00a0GuiaF\u00e1cilBrasil<\/a><\/div>\n<\/div>\n<\/div>\n<\/div>\n<\/div>\n<\/div>\n<\/div>\n<\/div>\n<\/div>\n<\/blockquote>\n","protected":false},"excerpt":{"rendered":"<p>Camila ViegasLuana Patriolino Decis\u00e3o foi tomada pelo \u201cprinc\u00edpio da reciprocidade\u201d ap\u00f3s os EUA expulsarem o delegado da PF Marcelo Ivo do pa\u00eds O diretor-geral da Pol\u00edcia Federal (PF), Andrei Rodrigues, afirmou nesta quarta-feira (22\/4) que a institui\u00e7\u00e3o retirou as credenciais de um agente de imigra\u00e7\u00e3o dos EUA que atuava na sede da corpora\u00e7\u00e3o em Bras\u00edlia. [&hellip;]<\/p>\n","protected":false},"author":2,"featured_media":26419,"comment_status":"open","ping_status":"open","sticky":false,"template":"","format":"standard","meta":[],"categories":[8],"tags":[],"_links":{"self":[{"href":"https:\/\/www.guiafacilbrasil.com.br\/blog\/wp-json\/wp\/v2\/posts\/26418"}],"collection":[{"href":"https:\/\/www.guiafacilbrasil.com.br\/blog\/wp-json\/wp\/v2\/posts"}],"about":[{"href":"https:\/\/www.guiafacilbrasil.com.br\/blog\/wp-json\/wp\/v2\/types\/post"}],"author":[{"embeddable":true,"href":"https:\/\/www.guiafacilbrasil.com.br\/blog\/wp-json\/wp\/v2\/users\/2"}],"replies":[{"embeddable":true,"href":"https:\/\/www.guiafacilbrasil.com.br\/blog\/wp-json\/wp\/v2\/comments?post=26418"}],"version-history":[{"count":1,"href":"https:\/\/www.guiafacilbrasil.com.br\/blog\/wp-json\/wp\/v2\/posts\/26418\/revisions"}],"predecessor-version":[{"id":26420,"href":"https:\/\/www.guiafacilbrasil.com.br\/blog\/wp-json\/wp\/v2\/posts\/26418\/revisions\/26420"}],"wp:featuredmedia":[{"embeddable":true,"href":"https:\/\/www.guiafacilbrasil.com.br\/blog\/wp-json\/wp\/v2\/media\/26419"}],"wp:attachment":[{"href":"https:\/\/www.guiafacilbrasil.com.br\/blog\/wp-json\/wp\/v2\/media?parent=26418"}],"wp:term":[{"taxonomy":"category","embeddable":true,"href":"https:\/\/www.guiafacilbrasil.com.br\/blog\/wp-json\/wp\/v2\/categories?post=26418"},{"taxonomy":"post_tag","embeddable":true,"href":"https:\/\/www.guiafacilbrasil.com.br\/blog\/wp-json\/wp\/v2\/tags?post=26418"}],"curies":[{"name":"wp","href":"https:\/\/api.w.org\/{rel}","templated":true}]}}