{"id":26413,"date":"2026-04-20T18:52:54","date_gmt":"2026-04-20T21:52:54","guid":{"rendered":"https:\/\/www.guiafacilbrasil.com.br\/blog\/?p=26413"},"modified":"2026-04-20T18:52:54","modified_gmt":"2026-04-20T21:52:54","slug":"benjamin-netanyahu-determina-punicao-a-soldado-acusado-de-vandalizar-imagem-de-jesus-cristo","status":"publish","type":"post","link":"https:\/\/www.guiafacilbrasil.com.br\/blog\/benjamin-netanyahu-determina-punicao-a-soldado-acusado-de-vandalizar-imagem-de-jesus-cristo\/","title":{"rendered":"Benjamin Netanyahu determina puni\u00e7\u00e3o a soldado acusado de vandalizar imagem de Jesus Cristo"},"content":{"rendered":"<p><img loading=\"lazy\" class=\"alignnone size-medium wp-image-26414\" src=\"https:\/\/www.guiafacilbrasil.com.br\/blog\/wp-content\/uploads\/2026\/04\/Benjamin-Netanyahu-determina-punicao-a-soldado-acusado-de-vandalizar-imagem-de-Jesus-Cristo-300x150.png\" alt=\"\" width=\"300\" height=\"150\" srcset=\"https:\/\/www.guiafacilbrasil.com.br\/blog\/wp-content\/uploads\/2026\/04\/Benjamin-Netanyahu-determina-punicao-a-soldado-acusado-de-vandalizar-imagem-de-Jesus-Cristo-300x150.png 300w, https:\/\/www.guiafacilbrasil.com.br\/blog\/wp-content\/uploads\/2026\/04\/Benjamin-Netanyahu-determina-punicao-a-soldado-acusado-de-vandalizar-imagem-de-Jesus-Cristo.png 596w\" sizes=\"(max-width: 300px) 100vw, 300px\" \/><\/p>\n<p>O <strong>primeiro-ministro de Israel<\/strong>, <strong>Benjamin Netanyahu<\/strong>, reagiu ap\u00f3s a divulga\u00e7\u00e3o de um caso envolvendo um soldado israelense que teria vandalizado uma imagem de <strong>Jesus Cristo<\/strong> no sul do <strong>L\u00edbano<\/strong>. O epis\u00f3dio gerou forte repercuss\u00e3o e levou \u00e0 abertura de <strong>investiga\u00e7\u00e3o militar<\/strong>.<\/p>\n<h2 class=\"wp-block-heading\">O que aconteceu com o soldado israelense no sul do L\u00edbano?<\/h2>\n<p>Um soldado das For\u00e7as de Defesa de <strong><a href=\"https:\/\/terrabrasilnoticias.com\/2026\/04\/frente-parlamentar-brasil-israel-2026-e-lancada-e-amplia-cooperacao-internacional-com-apoio-de-liderancas\/\" target=\"_blank\" rel=\"noreferrer noopener\">Israel foi registrado<\/a><\/strong> vandalizando uma imagem de <strong>Jesus Cristo<\/strong> em um vilarejo localizado no sul do L\u00edbano. O caso rapidamente ganhou aten\u00e7\u00e3o internacional e provocou rea\u00e7\u00f5es pol\u00edticas.<\/p>\n<p>Segundo informa\u00e7\u00f5es iniciais, o ato ocorreu em meio a opera\u00e7\u00f5es militares na regi\u00e3o. O epis\u00f3dio foi considerado grave por envolver s\u00edmbolos religiosos sens\u00edveis em um contexto j\u00e1 marcado por tens\u00f5es.<\/p>\n<h2 class=\"wp-block-heading\">Qual foi a rea\u00e7\u00e3o de Benjamin Netanyahu ao caso?<\/h2>\n<p>O primeiro-ministro <strong>Benjamin Netanyahu<\/strong> afirmou ter ficado \u201c<strong>chocado e entristecido<\/strong>\u201d ao tomar conhecimento do ocorrido. Ele destacou que o ato \u00e9 inaceit\u00e1vel e que foi condenado nos termos mais veementes.<\/p>\n<p>Netanyahu tamb\u00e9m refor\u00e7ou que o governo israelense n\u00e3o compactua com a\u00e7\u00f5es desse tipo. Ele ressaltou que as autoridades militares j\u00e1 foram acionadas para tratar o caso com seriedade.<\/p>\n<h2 class=\"wp-block-heading\">Como ser\u00e1 conduzida a investiga\u00e7\u00e3o sobre o soldado israelense?<\/h2>\n<p>As <strong><a href=\"https:\/\/pt.wikipedia.org\/wiki\/For%C3%A7as_de_Defesa_de_Israel\" target=\"_blank\" rel=\"noreferrer noopener\">For\u00e7as de Defesa de Israel<\/a><\/strong> informaram que abriram uma investiga\u00e7\u00e3o interna para apurar a conduta do soldado envolvido no vandalismo. O objetivo \u00e9 esclarecer as circunst\u00e2ncias do ocorrido.<\/p>\n<p>Netanyahu afirmou que o processo poder\u00e1 resultar em <strong>medidas disciplinares cab\u00edveis<\/strong>. Dependendo das conclus\u00f5es, o militar poder\u00e1 ser punido conforme os regulamentos das for\u00e7as armadas.<\/p>\n<h2 class=\"wp-block-heading\">O que disse Netanyahu sobre liberdade religiosa em Israel?<\/h2>\n<p>Em sua declara\u00e7\u00e3o, Netanyahu refor\u00e7ou o compromisso de Israel com a <strong>liberdade de culto<\/strong> e a conviv\u00eancia entre diferentes religi\u00f5es. Ele afirmou que todas as cren\u00e7as s\u00e3o respeitadas no pa\u00eds.<\/p>\n<p>O premi\u00ea tamb\u00e9m tentou contextualizar a situa\u00e7\u00e3o regional, destacando a posi\u00e7\u00e3o de Israel em rela\u00e7\u00e3o \u00e0 prote\u00e7\u00e3o de comunidades religiosas. Entre os principais pontos mencionados por Netanyahu est\u00e3o:<\/p>\n<ul class=\"wp-block-list\">\n<li>A conviv\u00eancia entre diferentes religi\u00f5es dentro de Israel<\/li>\n<li>A garantia de <strong>liberdade religiosa<\/strong> para todas as cren\u00e7as<\/li>\n<li>O crescimento da popula\u00e7\u00e3o crist\u00e3 no pa\u00eds<\/li>\n<li>A igualdade de direitos entre cidad\u00e3os de diferentes f\u00e9s<\/li>\n<\/ul>\n<h2 class=\"wp-block-heading\">Qual \u00e9 o impacto do caso nas tens\u00f5es no Oriente M\u00e9dio?<\/h2>\n<p>O epis\u00f3dio ocorre em um momento de forte instabilidade na regi\u00e3o, especialmente entre Israel e L\u00edbano. A presen\u00e7a militar israelense em \u00e1reas de conflito j\u00e1 \u00e9 motivo de tens\u00e3o diplom\u00e1tica.<\/p>\n<p>A divulga\u00e7\u00e3o do v\u00eddeo gerou cr\u00edticas e pode ampliar o debate internacional sobre conduta militar e respeito a s\u00edmbolos religiosos. O caso tamb\u00e9m adiciona press\u00e3o sobre as autoridades israelenses.<\/p>\n<h2 class=\"wp-block-heading\">Como o governo israelense tenta conter a repercuss\u00e3o internacional?<\/h2>\n<p>Diante da repercuss\u00e3o, o governo de Israel busca refor\u00e7ar que o epis\u00f3dio \u00e9 <strong>isolado<\/strong> e n\u00e3o representa as pol\u00edticas oficiais do Estado. A investiga\u00e7\u00e3o interna \u00e9 parte dessa resposta institucional.<\/p>\n<p>Netanyahu afirmou ainda que lamenta qualquer dor causada a crist\u00e3os no L\u00edbano e no mundo. Ele reiterou o compromisso de Israel com o respeito religioso e a conviv\u00eancia entre diferentes comunidades de f\u00e9.<\/p>\n<p>&nbsp;<\/p>\n<div>\n<div>\n<div class=\"google-auto-placed\">\n<div class=\"panel panel-default painel-estabeleciment \">\n<div class=\"row\">\u00a0 \u00a0 <a href=\"https:\/\/terrabrasilnoticias.com\">TerraBrasil<\/a>\u00a0\u2013 <a href=\"http:\/\/guiafacilbrasil.com.br\/blog\/\">\u00a0GuiaF\u00e1cilBrasil<\/a><\/div>\n<\/div>\n<\/div>\n<\/div>\n<\/div>\n","protected":false},"excerpt":{"rendered":"<p>O primeiro-ministro de Israel, Benjamin Netanyahu, reagiu ap\u00f3s a divulga\u00e7\u00e3o de um caso envolvendo um soldado israelense que teria vandalizado uma imagem de Jesus Cristo no sul do L\u00edbano. O epis\u00f3dio gerou forte repercuss\u00e3o e levou \u00e0 abertura de investiga\u00e7\u00e3o militar. O que aconteceu com o soldado israelense no sul do L\u00edbano? Um soldado das [&hellip;]<\/p>\n","protected":false},"author":2,"featured_media":26414,"comment_status":"open","ping_status":"open","sticky":false,"template":"","format":"standard","meta":[],"categories":[8],"tags":[],"_links":{"self":[{"href":"https:\/\/www.guiafacilbrasil.com.br\/blog\/wp-json\/wp\/v2\/posts\/26413"}],"collection":[{"href":"https:\/\/www.guiafacilbrasil.com.br\/blog\/wp-json\/wp\/v2\/posts"}],"about":[{"href":"https:\/\/www.guiafacilbrasil.com.br\/blog\/wp-json\/wp\/v2\/types\/post"}],"author":[{"embeddable":true,"href":"https:\/\/www.guiafacilbrasil.com.br\/blog\/wp-json\/wp\/v2\/users\/2"}],"replies":[{"embeddable":true,"href":"https:\/\/www.guiafacilbrasil.com.br\/blog\/wp-json\/wp\/v2\/comments?post=26413"}],"version-history":[{"count":1,"href":"https:\/\/www.guiafacilbrasil.com.br\/blog\/wp-json\/wp\/v2\/posts\/26413\/revisions"}],"predecessor-version":[{"id":26415,"href":"https:\/\/www.guiafacilbrasil.com.br\/blog\/wp-json\/wp\/v2\/posts\/26413\/revisions\/26415"}],"wp:featuredmedia":[{"embeddable":true,"href":"https:\/\/www.guiafacilbrasil.com.br\/blog\/wp-json\/wp\/v2\/media\/26414"}],"wp:attachment":[{"href":"https:\/\/www.guiafacilbrasil.com.br\/blog\/wp-json\/wp\/v2\/media?parent=26413"}],"wp:term":[{"taxonomy":"category","embeddable":true,"href":"https:\/\/www.guiafacilbrasil.com.br\/blog\/wp-json\/wp\/v2\/categories?post=26413"},{"taxonomy":"post_tag","embeddable":true,"href":"https:\/\/www.guiafacilbrasil.com.br\/blog\/wp-json\/wp\/v2\/tags?post=26413"}],"curies":[{"name":"wp","href":"https:\/\/api.w.org\/{rel}","templated":true}]}}