{"id":26410,"date":"2026-04-20T18:47:32","date_gmt":"2026-04-20T21:47:32","guid":{"rendered":"https:\/\/www.guiafacilbrasil.com.br\/blog\/?p=26410"},"modified":"2026-04-20T18:53:32","modified_gmt":"2026-04-20T21:53:32","slug":"defesa-diz-que-filipe-martins-corre-risco-a-vida-e-pede-apoio-de-orgaos-internacionais","status":"publish","type":"post","link":"https:\/\/www.guiafacilbrasil.com.br\/blog\/defesa-diz-que-filipe-martins-corre-risco-a-vida-e-pede-apoio-de-orgaos-internacionais\/","title":{"rendered":"Defesa diz que Filipe Martins corre risco \u00e0 vida e pede apoio de \u00f3rg\u00e3os internacionais"},"content":{"rendered":"<p><img loading=\"lazy\" class=\"alignnone size-medium wp-image-26411\" src=\"https:\/\/www.guiafacilbrasil.com.br\/blog\/wp-content\/uploads\/2026\/04\/Defesa-diz-que-Filipe-Martins-corre-risco-a-vida-e-pede-apoio-de-orgaos-internacionais-300x149.png\" alt=\"\" width=\"300\" height=\"149\" srcset=\"https:\/\/www.guiafacilbrasil.com.br\/blog\/wp-content\/uploads\/2026\/04\/Defesa-diz-que-Filipe-Martins-corre-risco-a-vida-e-pede-apoio-de-orgaos-internacionais-300x149.png 300w, https:\/\/www.guiafacilbrasil.com.br\/blog\/wp-content\/uploads\/2026\/04\/Defesa-diz-que-Filipe-Martins-corre-risco-a-vida-e-pede-apoio-de-orgaos-internacionais.png 594w\" sizes=\"(max-width: 300px) 100vw, 300px\" \/><\/p>\n<p>A defesa de <strong>Filipe Martins<\/strong> levou ao <strong>Supremo Tribunal Federal (STF)<\/strong> alega\u00e7\u00f5es de <strong>risco \u00e0 integridade f\u00edsica e moral<\/strong> do ex-assessor, pedindo a revis\u00e3o de decis\u00f5es judiciais e a comunica\u00e7\u00e3o do caso a organismos internacionais. O pedido se baseia em supostas viola\u00e7\u00f5es de normas de direitos humanos e na situa\u00e7\u00e3o dele em unidade prisional no <strong>Paran\u00e1<\/strong>.<\/p>\n<h2 class=\"wp-block-heading\">Por que a defesa de Filipe Martins aponta risco \u00e0 vida no sistema prisional?<\/h2>\n<p>A defesa afirma que manter Filipe Martins na cadeia p\u00fablica de Ponta Grossa, no interior do Paran\u00e1, representa um <strong>risco concreto \u00e0 sua seguran\u00e7a pessoal<\/strong>. Segundo os advogados, ele estaria em situa\u00e7\u00e3o de vulnerabilidade dentro do ambiente prisional.<\/p>\n<p>Eles relatam ainda que o ex-assessor do governo Bolsonaro teria sido <strong>hostilizado por outros detentos<\/strong>, o que refor\u00e7aria a necessidade de transfer\u00eancia imediata para outro estabelecimento mais adequado.<\/p>\n<h2 class=\"wp-block-heading\">O que diz o recurso apresentado ao STF?<\/h2>\n<p>Os advogados Jeffrey Chiquini e Ricardo Scheiffer apresentaram <strong>embargos de <a href=\"https:\/\/terrabrasilnoticias.com\/2026\/04\/compra-do-banco-master-pelo-brb-investigada-pela-pf-tem-30-dias-para-envio-ao-stf\/\" target=\"_blank\" rel=\"noreferrer noopener\">declara\u00e7\u00e3o ao STF<\/a><\/strong> nesta quinta-feira (16), contestando decis\u00e3o do ministro Alexandre de Moraes. A decis\u00e3o havia sido confirmada por unanimidade pela Primeira Turma.<\/p>\n<p>No recurso, a defesa pede a <strong>anula\u00e7\u00e3o da ordem vigente<\/strong> e afirma que houve omiss\u00e3o na an\u00e1lise de pontos essenciais relacionados \u00e0 seguran\u00e7a do custodiado.<\/p>\n<h2 class=\"wp-block-heading\">Quais normas internacionais s\u00e3o citadas pela defesa?<\/h2>\n<p>A argumenta\u00e7\u00e3o jur\u00eddica da defesa de Filipe Martins se apoia em tratados internacionais e diretrizes da <strong><a href=\"https:\/\/brasil.un.org\/pt-br\" target=\"_blank\" rel=\"noreferrer noopener\">ONU<\/a><\/strong>. Segundo os advogados, o caso envolve poss\u00edvel viola\u00e7\u00e3o da <strong>Conven\u00e7\u00e3o Americana sobre Direitos Humanos<\/strong> e das chamadas <strong>Regras de Mandela<\/strong>.<\/p>\n<p>Antes de detalhar as normas citadas, a defesa sustenta que h\u00e1 dever do Estado em garantir prote\u00e7\u00e3o integral a pessoas sob cust\u00f3dia. Entre os principais fundamentos apresentados est\u00e3o:<\/p>\n<ul class=\"wp-block-list\">\n<li><strong>Conven\u00e7\u00e3o Americana sobre Direitos Humanos<\/strong>, que trata da prote\u00e7\u00e3o \u00e0 integridade do preso<\/li>\n<li><strong>Regras de Mandela da ONU<\/strong>, que estabelecem padr\u00f5es m\u00ednimos de tratamento no sistema prisional<\/li>\n<li>Dever estatal de <strong>prote\u00e7\u00e3o da vida e dignidade do custodiado<\/strong><\/li>\n<li>Poss\u00edvel responsabilidade internacional do Brasil em caso de omiss\u00e3o<\/li>\n<\/ul>\n<h2 class=\"wp-block-heading\">Como ocorreu a transfer\u00eancia de Filipe Martins no Paran\u00e1?<\/h2>\n<p>O impasse teve in\u00edcio quando a Pol\u00edcia Penal do Paran\u00e1 determinou a transfer\u00eancia de Martins para o <strong>Complexo M\u00e9dico Penal (CMP)<\/strong>, com base em crit\u00e9rios t\u00e9cnicos de seguran\u00e7a. A decis\u00e3o, segundo a defesa, n\u00e3o teria recebido autoriza\u00e7\u00e3o pr\u00e9via do STF.<\/p>\n<p>Posteriormente, o ministro Alexandre de Moraes determinou o retorno do ex-assessor \u00e0 cadeia p\u00fablica de Ponta Grossa. A defesa contesta essa decis\u00e3o e afirma que houve <strong>desconsidera\u00e7\u00e3o de relat\u00f3rios t\u00e9cnicos oficiais<\/strong>.<\/p>\n<h2 class=\"wp-block-heading\">O que a defesa pretende com a comunica\u00e7\u00e3o a \u00f3rg\u00e3os internacionais?<\/h2>\n<p>Os advogados afirmam que o caso ultrapassa a esfera interna e pode gerar repercuss\u00e3o internacional. Por isso, pedem que o processo seja comunicado a entidades como a <strong>Comiss\u00e3o Interamericana de Direitos Humanos (CIDH)<\/strong>.<\/p>\n<p>Al\u00e9m disso, a defesa sustenta que pretende levar o caso a inst\u00e2ncias internacionais ap\u00f3s o tr\u00e2nsito em julgado no Brasil. Entre as medidas mencionadas est\u00e3o:<\/p>\n<ul class=\"wp-block-list\">\n<li>Comunica\u00e7\u00e3o \u00e0 <strong>CIDH (Comiss\u00e3o Interamericana de Direitos Humanos)<\/strong><\/li>\n<li>Poss\u00edvel acionamento da <strong>Organiza\u00e7\u00e3o dos Estados Americanos (OEA)<\/strong><\/li>\n<li>Eventual recurso \u00e0 <strong>Corte Interamericana de Direitos Humanos<\/strong><\/li>\n<li>Den\u00fancia de supostas viola\u00e7\u00f5es de garantias fundamentais<\/li>\n<\/ul>\n<h2 class=\"wp-block-heading\">O que dizem os advogados sobre a responsabilidade do Estado?<\/h2>\n<p>A defesa argumenta que o Estado brasileiro tem <strong>dever positivo de prote\u00e7\u00e3o<\/strong> sobre pessoas sob sua cust\u00f3dia. Isso incluiria a obriga\u00e7\u00e3o de agir diante de riscos concretos \u00e0 integridade f\u00edsica do preso.<\/p>\n<p>Eles tamb\u00e9m afirmam que a falta de comunica\u00e7\u00e3o a organismos internacionais pode gerar <strong>responsabiliza\u00e7\u00e3o internacional do Brasil<\/strong>, caso sejam confirmadas viola\u00e7\u00f5es de direitos humanos.<\/p>\n<p>&nbsp;<\/p>\n<div>\n<div>\n<div class=\"google-auto-placed\">\n<div class=\"panel panel-default painel-estabeleciment \">\n<div class=\"row\">\u00a0 \u00a0 <a href=\"https:\/\/terrabrasilnoticias.com\">TerraBrasil<\/a>\u00a0\u2013 <a href=\"http:\/\/guiafacilbrasil.com.br\/blog\/\">\u00a0GuiaF\u00e1cilBrasil<\/a><\/div>\n<\/div>\n<\/div>\n<\/div>\n<\/div>\n","protected":false},"excerpt":{"rendered":"<p>A defesa de Filipe Martins levou ao Supremo Tribunal Federal (STF) alega\u00e7\u00f5es de risco \u00e0 integridade f\u00edsica e moral do ex-assessor, pedindo a revis\u00e3o de decis\u00f5es judiciais e a comunica\u00e7\u00e3o do caso a organismos internacionais. O pedido se baseia em supostas viola\u00e7\u00f5es de normas de direitos humanos e na situa\u00e7\u00e3o dele em unidade prisional no [&hellip;]<\/p>\n","protected":false},"author":2,"featured_media":26411,"comment_status":"open","ping_status":"open","sticky":false,"template":"","format":"standard","meta":[],"categories":[19],"tags":[],"_links":{"self":[{"href":"https:\/\/www.guiafacilbrasil.com.br\/blog\/wp-json\/wp\/v2\/posts\/26410"}],"collection":[{"href":"https:\/\/www.guiafacilbrasil.com.br\/blog\/wp-json\/wp\/v2\/posts"}],"about":[{"href":"https:\/\/www.guiafacilbrasil.com.br\/blog\/wp-json\/wp\/v2\/types\/post"}],"author":[{"embeddable":true,"href":"https:\/\/www.guiafacilbrasil.com.br\/blog\/wp-json\/wp\/v2\/users\/2"}],"replies":[{"embeddable":true,"href":"https:\/\/www.guiafacilbrasil.com.br\/blog\/wp-json\/wp\/v2\/comments?post=26410"}],"version-history":[{"count":2,"href":"https:\/\/www.guiafacilbrasil.com.br\/blog\/wp-json\/wp\/v2\/posts\/26410\/revisions"}],"predecessor-version":[{"id":26417,"href":"https:\/\/www.guiafacilbrasil.com.br\/blog\/wp-json\/wp\/v2\/posts\/26410\/revisions\/26417"}],"wp:featuredmedia":[{"embeddable":true,"href":"https:\/\/www.guiafacilbrasil.com.br\/blog\/wp-json\/wp\/v2\/media\/26411"}],"wp:attachment":[{"href":"https:\/\/www.guiafacilbrasil.com.br\/blog\/wp-json\/wp\/v2\/media?parent=26410"}],"wp:term":[{"taxonomy":"category","embeddable":true,"href":"https:\/\/www.guiafacilbrasil.com.br\/blog\/wp-json\/wp\/v2\/categories?post=26410"},{"taxonomy":"post_tag","embeddable":true,"href":"https:\/\/www.guiafacilbrasil.com.br\/blog\/wp-json\/wp\/v2\/tags?post=26410"}],"curies":[{"name":"wp","href":"https:\/\/api.w.org\/{rel}","templated":true}]}}