{"id":24903,"date":"2025-08-17T10:23:14","date_gmt":"2025-08-17T13:23:14","guid":{"rendered":"https:\/\/www.guiafacilbrasil.com.br\/blog\/?p=24903"},"modified":"2025-08-17T10:23:14","modified_gmt":"2025-08-17T13:23:14","slug":"saiba-como-eletricos-e-carros-a-combustao-perdem-valor-com-o-tempo","status":"publish","type":"post","link":"https:\/\/www.guiafacilbrasil.com.br\/blog\/saiba-como-eletricos-e-carros-a-combustao-perdem-valor-com-o-tempo\/","title":{"rendered":"Saiba como el\u00e9tricos e carros a combust\u00e3o perdem valor com o tempo"},"content":{"rendered":"<p><img loading=\"lazy\" class=\"alignnone size-medium wp-image-24904\" src=\"https:\/\/www.guiafacilbrasil.com.br\/blog\/wp-content\/uploads\/2025\/08\/Saiba-como-eletricos-e-carros-a-combustao-perdem-valor-com-o-tempo-300x150.png\" alt=\"\" width=\"300\" height=\"150\" srcset=\"https:\/\/www.guiafacilbrasil.com.br\/blog\/wp-content\/uploads\/2025\/08\/Saiba-como-eletricos-e-carros-a-combustao-perdem-valor-com-o-tempo-300x150.png 300w, https:\/\/www.guiafacilbrasil.com.br\/blog\/wp-content\/uploads\/2025\/08\/Saiba-como-eletricos-e-carros-a-combustao-perdem-valor-com-o-tempo.png 602w\" sizes=\"(max-width: 300px) 100vw, 300px\" \/><\/p>\n<p>Com a crescente preocupa\u00e7\u00e3o ambiental e a busca por op\u00e7\u00f5es sustent\u00e1veis, a escolha entre ve\u00edculos el\u00e9tricos e a combust\u00e3o tornou-se uma decis\u00e3o significativa para consumidores. Al\u00e9m das considera\u00e7\u00f5es ecol\u00f3gicas e financeiras, um fator crucial que influencia essa decis\u00e3o \u00e9 a desvaloriza\u00e7\u00e3o dos autom\u00f3veis. A diferen\u00e7a de <a href=\"https:\/\/terrabrasilnoticias.com\/2025\/08\/saiba-a-cor-mais-inteligente-para-comprar-um-carro-em-2025\/\" target=\"_blank\" rel=\"noreferrer noopener\">desvaloriza\u00e7\u00e3o entre carros el\u00e9tricos e a combust\u00e3o <\/a>interna revela vis\u00f5es importantes sobre sua viabilidade e atratividade no mercado atual.<\/p>\n<p>A desvaloriza\u00e7\u00e3o de um ve\u00edculo refere-se \u00e0 redu\u00e7\u00e3o de seu valor ao longo do tempo, algo inevit\u00e1vel tanto para carros el\u00e9tricos quanto para os tradicionais, embora as raz\u00f5es possam variar. Entender o comportamento do mercado \u00e9 importante ao considerar qual tipo de autom\u00f3vel manter\u00e1 melhor seu valor ao longo do tempo.<\/p>\n<h2 class=\"wp-block-heading\">Quais fatores influenciam a desvaloriza\u00e7\u00e3o dos carros?<\/h2>\n<div class=\"wp-block-image\">\n<figure class=\"aligncenter size-large\"><picture class=\"wp-image-343328\"><source srcset=\"https:\/\/terrabrasilnoticias.com\/wp-content\/uploads\/2025\/08\/car-china-byd_1755227714421-1024x576.jpg.webp 1024w, https:\/\/terrabrasilnoticias.com\/wp-content\/uploads\/2025\/08\/car-china-byd_1755227714421-300x169.jpg.webp 300w, https:\/\/terrabrasilnoticias.com\/wp-content\/uploads\/2025\/08\/car-china-byd_1755227714421-768x432.jpg.webp 768w, https:\/\/terrabrasilnoticias.com\/wp-content\/uploads\/2025\/08\/car-china-byd_1755227714421-750x422.jpg.webp 750w, https:\/\/terrabrasilnoticias.com\/wp-content\/uploads\/2025\/08\/car-china-byd_1755227714421-1140x642.jpg.webp 1140w, https:\/\/terrabrasilnoticias.com\/wp-content\/uploads\/2025\/08\/car-china-byd_1755227714421.jpg.webp 1279w\" type=\"image\/webp\" sizes=\"(max-width: 1024px) 100vw, 1024px\" \/><img loading=\"lazy\" class=\"\" src=\"https:\/\/terrabrasilnoticias.com\/wp-content\/uploads\/2025\/08\/car-china-byd_1755227714421-1024x576.jpg\" sizes=\"(max-width: 1024px) 100vw, 1024px\" srcset=\"https:\/\/terrabrasilnoticias.com\/wp-content\/uploads\/2025\/08\/car-china-byd_1755227714421-1024x576.jpg 1024w, https:\/\/terrabrasilnoticias.com\/wp-content\/uploads\/2025\/08\/car-china-byd_1755227714421-300x169.jpg 300w, https:\/\/terrabrasilnoticias.com\/wp-content\/uploads\/2025\/08\/car-china-byd_1755227714421-768x432.jpg 768w, https:\/\/terrabrasilnoticias.com\/wp-content\/uploads\/2025\/08\/car-china-byd_1755227714421-750x422.jpg 750w, https:\/\/terrabrasilnoticias.com\/wp-content\/uploads\/2025\/08\/car-china-byd_1755227714421-1140x642.jpg 1140w, https:\/\/terrabrasilnoticias.com\/wp-content\/uploads\/2025\/08\/car-china-byd_1755227714421.jpg 1279w\" alt=\"Cr\u00e9ditos: depositphotos.com \/ ibphoto\" width=\"475\" height=\"267\" data-pin-no-hover=\"true\" \/> <\/picture><figcaption class=\"wp-element-caption\">BYD gigantes chinesas come\u00e7am fazer mais presen\u00e7a no Brasil \u2013 Cr\u00e9ditos: depositphotos.com \/ ibphoto<\/figcaption><\/figure>\n<\/div>\n<p>M\u00faltiplos fatores contribuem para a desvaloriza\u00e7\u00e3o de um carro. Entre eles, a marca e o modelo, a quilometragem, o estado de conserva\u00e7\u00e3o, e as evolu\u00e7\u00f5es tecnol\u00f3gicas desempenham pap\u00e9is significativos. Nos \u00faltimos anos, a r\u00e1pida evolu\u00e7\u00e3o tecnol\u00f3gica acelera a desvaloriza\u00e7\u00e3o de ve\u00edculos movidos a combust\u00e3o, pois novos modelos mais eficientes s\u00e3o frequentemente lan\u00e7ados. Al\u00e9m disso, quest\u00f5es como a reputa\u00e7\u00e3o de confiabilidade e disponibilidade de pe\u00e7as tamb\u00e9m impactam a manuten\u00e7\u00e3o do valor.<\/p>\n<p>Os autom\u00f3veis el\u00e9tricos, por outro lado, s\u00e3o influenciados pelo desenvolvimento tecnol\u00f3gico e pela infraestrutura dispon\u00edvel. A evolu\u00e7\u00e3o constante das baterias e a expans\u00e3o das redes de pontos de recarga influenciam diretamente o valor de revenda desses ve\u00edculos. No entanto, a aceita\u00e7\u00e3o do mercado por carros el\u00e9tricos continua em per\u00edodo de adapta\u00e7\u00e3o, impactando sua desvaloriza\u00e7\u00e3o variadamente. Em mercados como o do <strong>Brasil<\/strong>, por exemplo, a infraestrutura de recarga ainda \u00e9 um desafio em muitas cidades, mas grandes centros como <strong>S\u00e3o Paulo<\/strong> e <strong>Rio de Janeiro<\/strong> t\u00eam investido cada vez mais nesse sentido.<\/p>\n<h2 class=\"wp-block-heading\">Carros el\u00e9tricos: quais as vantagens e desafios enfrentados na desvaloriza\u00e7\u00e3o?<\/h2>\n<p>Carros el\u00e9tricos possuem uma vantagem significativa relacionada aos custos operacionais e ambientais mais baixos, o que os torna atraentes para muitos consumidores preocupados com a sustentabilidade. Como resultado, o mercado tem apontado uma tend\u00eancia de crescimento na demanda por ve\u00edculos el\u00e9tricos, o que pode atenuar sua desvaloriza\u00e7\u00e3o.<\/p>\n<ul class=\"wp-block-list\">\n<li>A manuten\u00e7\u00e3o mais simples e menos frequente para ve\u00edculos el\u00e9tricos pode aumentar seu valor de mercado.<\/li>\n<li>Incentivos governamentais e benef\u00edcios fiscais muitas vezes promovem maior interesse e potencializam a reten\u00e7\u00e3o de valor, como observado em pa\u00edses da <strong>Europa<\/strong> e nos <strong>Estados Unidos<\/strong> a partir de <strong>2022<\/strong>.<\/li>\n<li>No entanto, a obsolesc\u00eancia de tecnologia e o custo elevado de substitui\u00e7\u00e3o de baterias representam desafios.<\/li>\n<\/ul>\n<div class=\"wp-block-image\">\n<figure class=\"aligncenter size-large\"><picture class=\"wp-image-339751\"><source srcset=\"https:\/\/terrabrasilnoticias.com\/wp-content\/uploads\/2025\/08\/cars_1754125501708-1024x576.jpg.webp 1024w, https:\/\/terrabrasilnoticias.com\/wp-content\/uploads\/2025\/08\/cars_1754125501708-300x169.jpg.webp 300w, https:\/\/terrabrasilnoticias.com\/wp-content\/uploads\/2025\/08\/cars_1754125501708-768x432.jpg.webp 768w, https:\/\/terrabrasilnoticias.com\/wp-content\/uploads\/2025\/08\/cars_1754125501708-750x422.jpg.webp 750w, https:\/\/terrabrasilnoticias.com\/wp-content\/uploads\/2025\/08\/cars_1754125501708-1140x641.jpg.webp 1140w, https:\/\/terrabrasilnoticias.com\/wp-content\/uploads\/2025\/08\/cars_1754125501708.jpg.webp 1280w\" type=\"image\/webp\" sizes=\"(max-width: 1024px) 100vw, 1024px\" \/><img loading=\"lazy\" class=\"\" src=\"https:\/\/terrabrasilnoticias.com\/wp-content\/uploads\/2025\/08\/cars_1754125501708-1024x576.jpg\" sizes=\"(max-width: 1024px) 100vw, 1024px\" srcset=\"https:\/\/terrabrasilnoticias.com\/wp-content\/uploads\/2025\/08\/cars_1754125501708-1024x576.jpg 1024w, https:\/\/terrabrasilnoticias.com\/wp-content\/uploads\/2025\/08\/cars_1754125501708-300x169.jpg 300w, https:\/\/terrabrasilnoticias.com\/wp-content\/uploads\/2025\/08\/cars_1754125501708-768x432.jpg 768w, https:\/\/terrabrasilnoticias.com\/wp-content\/uploads\/2025\/08\/cars_1754125501708-750x422.jpg 750w, https:\/\/terrabrasilnoticias.com\/wp-content\/uploads\/2025\/08\/cars_1754125501708-1140x641.jpg 1140w, https:\/\/terrabrasilnoticias.com\/wp-content\/uploads\/2025\/08\/cars_1754125501708.jpg 1280w\" alt=\"Cr\u00e9ditos: depositphotos.com \/ wastesoul\" width=\"585\" height=\"329\" data-pin-no-hover=\"true\" \/> <\/picture><figcaption class=\"wp-element-caption\">Carros no tr\u00e2nsito \u2013 Cr\u00e9ditos: depositphotos.com \/ wastesoul<\/figcaption><\/figure>\n<\/div>\n<h2 class=\"wp-block-heading\">Por que carros a combust\u00e3o podem se desvalorizar mais r\u00e1pido?<\/h2>\n<p>Embora a infraestrutura para ve\u00edculos a combust\u00e3o esteja amplamente estabelecida, diversos fatores v\u00eam contribuindo para a r\u00e1pida desvaloriza\u00e7\u00e3o desses autom\u00f3veis. O aumento dos custos do combust\u00edvel e as taxas de emiss\u00e3o de poluentes crescentes moldam um cen\u00e1rio desafiador para quem ainda opta por carros tradicionais.<\/p>\n<ol class=\"wp-block-list\">\n<li>Aumento da regulamenta\u00e7\u00e3o ambiental levando ao desuso de ve\u00edculos altamente poluentes, principalmente em grandes metr\u00f3poles como <strong>Paris<\/strong>, <strong>Londres<\/strong> e <strong>Nova York<\/strong>.<\/li>\n<li>Avan\u00e7o na vida \u00fatil dos carros el\u00e9tricos, associado a menores custos de manuten\u00e7\u00e3o.<\/li>\n<li>Diminui\u00e7\u00e3o da demanda \u00e0 medida que os consumidores adotam tecnologias mais limpas e eficientes.<\/li>\n<\/ol>\n<h2 class=\"wp-block-heading\">Qual escolha \u00e9 mais econ\u00f4mica a longo prazo?<\/h2>\n<p>Decidindo entre um carro a combust\u00e3o ou el\u00e9trico, muitos consumidores se perguntam sobre o qual preservar\u00e1 melhor seu valor ao longo do tempo. Embora as prefer\u00eancias pessoais e as circunst\u00e2ncias regionais variem, a tend\u00eancia \u00e9 que carros el\u00e9tricos apresentem uma menor taxa de desvaloriza\u00e7\u00e3o, especialmente com o aumento da ado\u00e7\u00e3o e melhoria da infraestrutura de suporte. Portanto, pensar a longo prazo e considerar a evolu\u00e7\u00e3o do mercado e as pol\u00edticas de incentivo pode ser vantajoso ao tomar tal decis\u00e3o, especialmente em pa\u00edses que j\u00e1 implementam metas mais r\u00edgidas para a redu\u00e7\u00e3o de ve\u00edculos a combust\u00e3o ap\u00f3s <strong>2030<\/strong>.<\/p>\n<h2 class=\"wp-block-heading\">Perguntas frequentes sobre a desvaloriza\u00e7\u00e3o<\/h2>\n<ul class=\"wp-block-list\">\n<li><strong>1. Carros el\u00e9tricos ainda desvalorizam muito no Brasil?<\/strong><br \/>\nApesar da desvaloriza\u00e7\u00e3o dos carros el\u00e9tricos no Brasil ainda ser considerada alta em compara\u00e7\u00e3o com mercados maduros, a tend\u00eancia \u00e9 de redu\u00e7\u00e3o desse \u00edndice nos pr\u00f3ximos anos, conforme a tecnologia e a infraestrutura de recarga evoluem.<\/li>\n<li><strong>2. Ve\u00edculos h\u00edbridos desvalorizam menos que el\u00e9tricos ou a combust\u00e3o?<\/strong><br \/>\nEm muitos mercados, carros h\u00edbridos apresentam uma desvaloriza\u00e7\u00e3o intermedi\u00e1ria, j\u00e1 que oferecem benef\u00edcios de efici\u00eancia e autonomia, mas ainda dependem parcialmente do motor a combust\u00e3o.<\/li>\n<li><strong>3. A substitui\u00e7\u00e3o da bateria de um carro el\u00e9trico \u00e9 sempre necess\u00e1ria?<\/strong><br \/>\nN\u00e3o necessariamente. Com os avan\u00e7os tecnol\u00f3gicos, muitas baterias mant\u00eam boa capacidade por mais de 8 anos. Por\u00e9m, a necessidade de substitui\u00e7\u00e3o pode afetar o valor de revenda do modelo.<\/li>\n<li><strong>4. Incentivos fiscais realmente afetam a desvaloriza\u00e7\u00e3o?<\/strong><br \/>\nSim. Incentivos fiscais e benef\u00edcios governamentais podem tornar os carros el\u00e9tricos mais atrativos no mercado de usados, diminuindo a desvaloriza\u00e7\u00e3o em regi\u00f5es onde esses incentivos est\u00e3o presentes.<\/li>\n<li><strong>5. Quanto a quilometragem impacta na revenda de carros el\u00e9tricos?<\/strong><br \/>\nAssim como nos ve\u00edculos a combust\u00e3o, a quilometragem \u00e9 relevante. Entretanto, em el\u00e9tricos, o estado da bateria pode ter peso ainda maior que a quilometragem total do ve\u00edculo.<\/li>\n<li><strong>6. \u00c9 comum carros el\u00e9tricos antigos n\u00e3o terem valor de revenda?<\/strong><br \/>\nModelos de gera\u00e7\u00f5es muito antigas podem enfrentar maior desvaloriza\u00e7\u00e3o devido \u00e0 evolu\u00e7\u00e3o r\u00e1pida da tecnologia e falta de compatibilidade com carregadores ou pe\u00e7as novas. Marcas estabelecidas tendem a manter melhor valor de mercado.<\/li>\n<\/ul>\n<p>&nbsp;<\/p>\n<div>\n<div>\n<div class=\"google-auto-placed\">\n<div class=\"panel panel-default painel-estabeleciment \">\n<div class=\"row\">\u00a0 \u00a0 \u00a0 TerraBrasil\u00a0\u2013 <a href=\"http:\/\/guiafacilbrasil.com.br\/blog\/\">\u00a0GuiaF\u00e1cilBrasil<\/a><\/div>\n<\/div>\n<\/div>\n<\/div>\n<\/div>\n","protected":false},"excerpt":{"rendered":"<p>Com a crescente preocupa\u00e7\u00e3o ambiental e a busca por op\u00e7\u00f5es sustent\u00e1veis, a escolha entre ve\u00edculos el\u00e9tricos e a combust\u00e3o tornou-se uma decis\u00e3o significativa para consumidores. Al\u00e9m das considera\u00e7\u00f5es ecol\u00f3gicas e financeiras, um fator crucial que influencia essa decis\u00e3o \u00e9 a desvaloriza\u00e7\u00e3o dos autom\u00f3veis. A diferen\u00e7a de desvaloriza\u00e7\u00e3o entre carros el\u00e9tricos e a combust\u00e3o interna revela [&hellip;]<\/p>\n","protected":false},"author":2,"featured_media":24904,"comment_status":"open","ping_status":"open","sticky":false,"template":"","format":"standard","meta":[],"categories":[8],"tags":[],"_links":{"self":[{"href":"https:\/\/www.guiafacilbrasil.com.br\/blog\/wp-json\/wp\/v2\/posts\/24903"}],"collection":[{"href":"https:\/\/www.guiafacilbrasil.com.br\/blog\/wp-json\/wp\/v2\/posts"}],"about":[{"href":"https:\/\/www.guiafacilbrasil.com.br\/blog\/wp-json\/wp\/v2\/types\/post"}],"author":[{"embeddable":true,"href":"https:\/\/www.guiafacilbrasil.com.br\/blog\/wp-json\/wp\/v2\/users\/2"}],"replies":[{"embeddable":true,"href":"https:\/\/www.guiafacilbrasil.com.br\/blog\/wp-json\/wp\/v2\/comments?post=24903"}],"version-history":[{"count":1,"href":"https:\/\/www.guiafacilbrasil.com.br\/blog\/wp-json\/wp\/v2\/posts\/24903\/revisions"}],"predecessor-version":[{"id":24905,"href":"https:\/\/www.guiafacilbrasil.com.br\/blog\/wp-json\/wp\/v2\/posts\/24903\/revisions\/24905"}],"wp:featuredmedia":[{"embeddable":true,"href":"https:\/\/www.guiafacilbrasil.com.br\/blog\/wp-json\/wp\/v2\/media\/24904"}],"wp:attachment":[{"href":"https:\/\/www.guiafacilbrasil.com.br\/blog\/wp-json\/wp\/v2\/media?parent=24903"}],"wp:term":[{"taxonomy":"category","embeddable":true,"href":"https:\/\/www.guiafacilbrasil.com.br\/blog\/wp-json\/wp\/v2\/categories?post=24903"},{"taxonomy":"post_tag","embeddable":true,"href":"https:\/\/www.guiafacilbrasil.com.br\/blog\/wp-json\/wp\/v2\/tags?post=24903"}],"curies":[{"name":"wp","href":"https:\/\/api.w.org\/{rel}","templated":true}]}}