{"id":24897,"date":"2025-08-17T10:10:39","date_gmt":"2025-08-17T13:10:39","guid":{"rendered":"https:\/\/www.guiafacilbrasil.com.br\/blog\/?p=24897"},"modified":"2025-08-17T10:10:39","modified_gmt":"2025-08-17T13:10:39","slug":"bolivia-vota-neste-domingo-e-pode-trocar-esquerda-por-direita-apos-20-anos","status":"publish","type":"post","link":"https:\/\/www.guiafacilbrasil.com.br\/blog\/bolivia-vota-neste-domingo-e-pode-trocar-esquerda-por-direita-apos-20-anos\/","title":{"rendered":"Bol\u00edvia vota neste domingo e pode trocar esquerda por direita ap\u00f3s 20 anos"},"content":{"rendered":"<p><img loading=\"lazy\" class=\"alignnone size-medium wp-image-24898\" src=\"https:\/\/www.guiafacilbrasil.com.br\/blog\/wp-content\/uploads\/2025\/08\/Bolivia-vota-neste-domingo-e-pode-trocar-esquerda-por-direita-apos-20-anos-300x151.png\" alt=\"\" width=\"300\" height=\"151\" srcset=\"https:\/\/www.guiafacilbrasil.com.br\/blog\/wp-content\/uploads\/2025\/08\/Bolivia-vota-neste-domingo-e-pode-trocar-esquerda-por-direita-apos-20-anos-300x151.png 300w, https:\/\/www.guiafacilbrasil.com.br\/blog\/wp-content\/uploads\/2025\/08\/Bolivia-vota-neste-domingo-e-pode-trocar-esquerda-por-direita-apos-20-anos.png 596w\" sizes=\"(max-width: 300px) 100vw, 300px\" \/><\/p>\n<p>Em 2025, <a href=\"https:\/\/terrabrasilnoticias.com\/2025\/05\/policia-federal-prende-chefe-do-pcc-na-bolivia\/\" target=\"_blank\" rel=\"noreferrer noopener\">a Bol\u00edvia se encontra<\/a> em um momento cr\u00edtico de mudan\u00e7as pol\u00edticas significativas. Ap\u00f3s duas d\u00e9cadas sob a lideran\u00e7a do Movimento ao Socialismo (MAS), o pa\u00eds est\u00e1 prestes a eleger um candidato de direita. Os principais concorrentes s\u00e3o o empres\u00e1rio Samuel Doria Medina e o ex-presidente Jorge Quiroga, ambos prometendo romper com o modelo econ\u00f4mico estatal do MAS e propondo reformas enfocadas no capitalismo.<\/p>\n<p>Este movimento pol\u00edtico ocorre em meio a uma crise econ\u00f4mica marcante. A taxa de infla\u00e7\u00e3o atingiu 25%, a maior desde 2008, e a desvaloriza\u00e7\u00e3o da moeda acabou afetando o poder de compra da popula\u00e7\u00e3o. Consequentemente, a desaprova\u00e7\u00e3o ao presidente em exerc\u00edcio, Luis Arce, cresceu, refletindo um desejo coletivo por reformas econ\u00f4micas e pol\u00edticas.<\/p>\n<h2 class=\"wp-block-heading\">Quais s\u00e3o os principais desafios econ\u00f4micos enfrentados pela Bol\u00edvia?<\/h2>\n<p>A economia boliviana enfrenta desafios significativos, muitos dos quais s\u00e3o legados do passado recente. O pa\u00eds tem alto potencial gra\u00e7as a suas reservas de l\u00edtio, mas sofre com escassez de d\u00f3lares, combust\u00edveis e alimentos. Esta situa\u00e7\u00e3o \u00e9 agravada pela queda cont\u00ednua na produ\u00e7\u00e3o de g\u00e1s desde 2017, a qual foi uma das principais fontes de receita nacional. O d\u00e9ficit econ\u00f4mico ainda \u00e9 um obst\u00e1culo consider\u00e1vel, principalmente devido \u00e0 alta depend\u00eancia do setor de exporta\u00e7\u00e3o de recursos naturais<\/p>\n<p>Cerca de oito milh\u00f5es de eleitores est\u00e3o prontos para decidir o futuro pol\u00edtico do pa\u00eds. Com o voto sendo obrigat\u00f3rio, a popula\u00e7\u00e3o \u00e9 chamada a reimaginar o tecido econ\u00f4mico, focando na estabilidade monet\u00e1ria e num crescimento que possa ser sustentado por pol\u00edticas menos estatais e mais liberais.<\/p>\n<div class=\"wp-block-image\">\n<figure class=\"aligncenter size-large\"><picture class=\"wp-image-344019\"><source srcset=\"https:\/\/terrabrasilnoticias.com\/wp-content\/uploads\/2025\/08\/Bolivian_1755427070089-1024x576.jpg.webp 1024w, https:\/\/terrabrasilnoticias.com\/wp-content\/uploads\/2025\/08\/Bolivian_1755427070089-300x169.jpg.webp 300w, https:\/\/terrabrasilnoticias.com\/wp-content\/uploads\/2025\/08\/Bolivian_1755427070089-768x432.jpg.webp 768w, https:\/\/terrabrasilnoticias.com\/wp-content\/uploads\/2025\/08\/Bolivian_1755427070089-750x422.jpg.webp 750w, https:\/\/terrabrasilnoticias.com\/wp-content\/uploads\/2025\/08\/Bolivian_1755427070089-1140x641.jpg.webp 1140w, https:\/\/terrabrasilnoticias.com\/wp-content\/uploads\/2025\/08\/Bolivian_1755427070089.jpg.webp 1280w\" type=\"image\/webp\" sizes=\"(max-width: 1024px) 100vw, 1024px\" \/><img loading=\"lazy\" class=\"\" src=\"https:\/\/terrabrasilnoticias.com\/wp-content\/uploads\/2025\/08\/Bolivian_1755427070089-1024x576.jpg\" sizes=\"(max-width: 1024px) 100vw, 1024px\" srcset=\"https:\/\/terrabrasilnoticias.com\/wp-content\/uploads\/2025\/08\/Bolivian_1755427070089-1024x576.jpg 1024w, https:\/\/terrabrasilnoticias.com\/wp-content\/uploads\/2025\/08\/Bolivian_1755427070089-300x169.jpg 300w, https:\/\/terrabrasilnoticias.com\/wp-content\/uploads\/2025\/08\/Bolivian_1755427070089-768x432.jpg 768w, https:\/\/terrabrasilnoticias.com\/wp-content\/uploads\/2025\/08\/Bolivian_1755427070089-750x422.jpg 750w, https:\/\/terrabrasilnoticias.com\/wp-content\/uploads\/2025\/08\/Bolivian_1755427070089-1140x641.jpg 1140w, https:\/\/terrabrasilnoticias.com\/wp-content\/uploads\/2025\/08\/Bolivian_1755427070089.jpg 1280w\" alt=\"\" width=\"663\" height=\"373\" data-pin-no-hover=\"true\" \/> <\/picture><figcaption class=\"wp-element-caption\">Bandeira da Bol\u00edvia. Cr\u00e9ditos: depositphotos.com \/ pljvv1<\/figcaption><\/figure>\n<\/div>\n<h2 class=\"wp-block-heading\">Como a crise pol\u00edtica atual afeta o cen\u00e1rio eleitoral?<\/h2>\n<p>Dentro desse contexto econ\u00f4mico conturbado, a Bol\u00edvia tamb\u00e9m vive um per\u00edodo de instabilidades pol\u00edticas. O MAS, antes um basti\u00e3o incontest\u00e1vel do poder, agora enfrenta o seu maior desafio eleitoral. Evo Morales, figura representativa do partido, tornou-se uma figura controversa ap\u00f3s acusa\u00e7\u00f5es legais e mais recentemente, tens\u00f5es internas envolvendo o atual governo de Arce. Isso culminou na divis\u00e3o do partido e na eros\u00e3o de sua popularidade.<\/p>\n<p>O povo boliviano est\u00e1 em busca de renova\u00e7\u00e3o, buscando l\u00edderes que possam n\u00e3o apenas estabilizar a economia, mas tamb\u00e9m fomentar a confian\u00e7a na pol\u00edtica nacional. As lutas internas do MAS e a frustra\u00e7\u00e3o crescente com o status quo econ\u00f4mico alimentaram o desejo de mudan\u00e7a entre muitos eleitores.<\/p>\n<h2 class=\"wp-block-heading\">Qual \u00e9 a vis\u00e3o de futuro dos candidatos de direita?<\/h2>\n<p>Tanto Doria Medina quanto Quiroga apresentaram propostas com enfoque em medidas de austeridade fiscal. Ambos defendem uma dr\u00e1stica redu\u00e7\u00e3o nos gastos p\u00fablicos e o desmantelamento gradual de subs\u00eddios, na esperan\u00e7a de incentivar um renascimento econ\u00f4mico. Estes planos, no entanto, s\u00e3o vistos por muitos como um movimento potencialmente arriscado, dado o passado de melhorias sociais promovido sob as administra\u00e7\u00f5es anteriores do MAS.<\/p>\n<p>Apesar dos temores, a possibilidade de mudan\u00e7a est\u00e1 sendo encarada como uma oportunidade para uma parte significativa da popula\u00e7\u00e3o, que v\u00ea na renova\u00e7\u00e3o das pol\u00edticas a \u00fanica sa\u00edda poss\u00edvel para a atual crise financeira e social. Al\u00e9m disso, observadores internacionais acompanham de perto o processo, atentos aos poss\u00edveis impactos regionais e globais, especialmente devido ao papel estrat\u00e9gico do l\u00edtio boliviano para a transi\u00e7\u00e3o energ\u00e9tica mundial.<\/p>\n<h2 class=\"wp-block-heading\">Expectativas para o Futuro da Bol\u00edvia<\/h2>\n<p>O cen\u00e1rio pol\u00edtico na Bol\u00edvia em 2025 \u00e9 um microcosmo de tend\u00eancias pol\u00edticas regionais mais amplas na Am\u00e9rica Latina, onde governos de direita e esquerda v\u00eam alternando seu dom\u00ednio. A expectativa \u00e9 que a Bol\u00edvia possa encontrar um caminho que equilibre o crescimento econ\u00f4mico e a justi\u00e7a social enquanto explora suas riquezas naturais de maneira sustent\u00e1vel.<\/p>\n<p>O pr\u00f3ximo governo ter\u00e1 a tarefa monumental de n\u00e3o apenas tratar dos imperativos econ\u00f4micos de curto prazo, mas tamb\u00e9m de preparar o pa\u00eds para desafios futuros. O resultado eleitoral pode marcar o in\u00edcio de uma nova era pol\u00edtica, potencialmente redefinindo o papel do Estado na vida econ\u00f4mica e social da Bol\u00edvia. O desejo coletivo de mudan\u00e7a, que tem sido uma caracter\u00edstica marcante desta elei\u00e7\u00e3o, pode muito bem ser o catalisador para inova\u00e7\u00f5es pol\u00edticas e econ\u00f4micas que moldar\u00e3o o futuro do pa\u00eds.<\/p>\n<h2 class=\"wp-block-heading\">Perguntas Frequentes (FAQ) sobre o cen\u00e1rio pol\u00edtico boliviano em 2025<\/h2>\n<ul class=\"wp-block-list\">\n<li><strong>1. O que motivou a crise econ\u00f4mica na Bol\u00edvia?<\/strong>\n<p>A crise foi causada por fatores como a queda dos pre\u00e7os internacionais do g\u00e1s, m\u00e1 gest\u00e3o dos recursos naturais, aumento da depend\u00eancia de importa\u00e7\u00f5es e pol\u00edticas econ\u00f4micas consideradas insustent\u00e1veis a longo prazo.<\/li>\n<li><strong>2. Qual o papel do l\u00edtio no futuro econ\u00f4mico do pa\u00eds?<\/strong>\n<p>O l\u00edtio \u00e9 um dos recursos mais promissores da Bol\u00edvia e pode impulsionar avan\u00e7os em tecnologia e transi\u00e7\u00e3o energ\u00e9tica, al\u00e9m de melhorar as receitas p\u00fablicas caso novas parcerias estrat\u00e9gicas sejam firmadas com empresas internacionais.<\/li>\n<li><strong>3. Como a divis\u00e3o interna do MAS afeta as elei\u00e7\u00f5es?<\/strong>\n<p>A divis\u00e3o interna fragiliza a base eleitoral do partido, dando mais espa\u00e7o para candidatos da oposi\u00e7\u00e3o e tornando a disputa mais aberta e incerta.<\/li>\n<li><strong>4. O voto \u00e9 obrigat\u00f3rio na Bol\u00edvia?<\/strong>\n<p>Sim. O voto \u00e9 obrigat\u00f3rio para todos os cidad\u00e3os bolivianos, o que contribui para altos \u00edndices de participa\u00e7\u00e3o eleitoral no pa\u00eds.<\/li>\n<li><strong>5. Quais s\u00e3o os principais desafios para o pr\u00f3ximo governo?<\/strong>\n<p>Entre os desafios destacam-se restaurar a estabilidade econ\u00f4mica, atrair investimentos, diversificar a economia, garantir justi\u00e7a social e melhorar a confian\u00e7a nas institui\u00e7\u00f5es pol\u00edticas.<\/li>\n<\/ul>\n<p>&nbsp;<\/p>\n<div>\n<div>\n<div class=\"google-auto-placed\">\n<div class=\"panel panel-default painel-estabeleciment \">\n<div class=\"row\">\u00a0 \u00a0 \u00a0 TerraBrasil\u00a0\u2013 <a href=\"http:\/\/guiafacilbrasil.com.br\/blog\/\">\u00a0GuiaF\u00e1cilBrasil<\/a><\/div>\n<\/div>\n<\/div>\n<\/div>\n<\/div>\n","protected":false},"excerpt":{"rendered":"<p>Em 2025, a Bol\u00edvia se encontra em um momento cr\u00edtico de mudan\u00e7as pol\u00edticas significativas. Ap\u00f3s duas d\u00e9cadas sob a lideran\u00e7a do Movimento ao Socialismo (MAS), o pa\u00eds est\u00e1 prestes a eleger um candidato de direita. Os principais concorrentes s\u00e3o o empres\u00e1rio Samuel Doria Medina e o ex-presidente Jorge Quiroga, ambos prometendo romper com o modelo [&hellip;]<\/p>\n","protected":false},"author":2,"featured_media":24898,"comment_status":"open","ping_status":"open","sticky":false,"template":"","format":"standard","meta":[],"categories":[17],"tags":[],"_links":{"self":[{"href":"https:\/\/www.guiafacilbrasil.com.br\/blog\/wp-json\/wp\/v2\/posts\/24897"}],"collection":[{"href":"https:\/\/www.guiafacilbrasil.com.br\/blog\/wp-json\/wp\/v2\/posts"}],"about":[{"href":"https:\/\/www.guiafacilbrasil.com.br\/blog\/wp-json\/wp\/v2\/types\/post"}],"author":[{"embeddable":true,"href":"https:\/\/www.guiafacilbrasil.com.br\/blog\/wp-json\/wp\/v2\/users\/2"}],"replies":[{"embeddable":true,"href":"https:\/\/www.guiafacilbrasil.com.br\/blog\/wp-json\/wp\/v2\/comments?post=24897"}],"version-history":[{"count":1,"href":"https:\/\/www.guiafacilbrasil.com.br\/blog\/wp-json\/wp\/v2\/posts\/24897\/revisions"}],"predecessor-version":[{"id":24899,"href":"https:\/\/www.guiafacilbrasil.com.br\/blog\/wp-json\/wp\/v2\/posts\/24897\/revisions\/24899"}],"wp:featuredmedia":[{"embeddable":true,"href":"https:\/\/www.guiafacilbrasil.com.br\/blog\/wp-json\/wp\/v2\/media\/24898"}],"wp:attachment":[{"href":"https:\/\/www.guiafacilbrasil.com.br\/blog\/wp-json\/wp\/v2\/media?parent=24897"}],"wp:term":[{"taxonomy":"category","embeddable":true,"href":"https:\/\/www.guiafacilbrasil.com.br\/blog\/wp-json\/wp\/v2\/categories?post=24897"},{"taxonomy":"post_tag","embeddable":true,"href":"https:\/\/www.guiafacilbrasil.com.br\/blog\/wp-json\/wp\/v2\/tags?post=24897"}],"curies":[{"name":"wp","href":"https:\/\/api.w.org\/{rel}","templated":true}]}}