{"id":24740,"date":"2025-07-08T18:28:51","date_gmt":"2025-07-08T21:28:51","guid":{"rendered":"https:\/\/www.guiafacilbrasil.com.br\/blog\/?p=24740"},"modified":"2025-07-08T18:28:51","modified_gmt":"2025-07-08T21:28:51","slug":"demitido-por-putin-ministro-russo-aparece-morto-em-circunstancias-misteriosas","status":"publish","type":"post","link":"https:\/\/www.guiafacilbrasil.com.br\/blog\/demitido-por-putin-ministro-russo-aparece-morto-em-circunstancias-misteriosas\/","title":{"rendered":"Demitido por Putin, ministro russo aparece morto em circunst\u00e2ncias misteriosas"},"content":{"rendered":"<p><img loading=\"lazy\" class=\"alignnone size-medium wp-image-24741\" src=\"https:\/\/www.guiafacilbrasil.com.br\/blog\/wp-content\/uploads\/2025\/07\/Demitido-por-Putin-ministro-russo-aparece-morto-em-circunstancias-misteriosas-300x149.png\" alt=\"\" width=\"300\" height=\"149\" srcset=\"https:\/\/www.guiafacilbrasil.com.br\/blog\/wp-content\/uploads\/2025\/07\/Demitido-por-Putin-ministro-russo-aparece-morto-em-circunstancias-misteriosas-300x149.png 300w, https:\/\/www.guiafacilbrasil.com.br\/blog\/wp-content\/uploads\/2025\/07\/Demitido-por-Putin-ministro-russo-aparece-morto-em-circunstancias-misteriosas.png 600w\" sizes=\"(max-width: 300px) 100vw, 300px\" \/><\/p>\n<p>Na manh\u00e3 desta segunda-feira (7\/7), o cen\u00e1rio pol\u00edtico russo registrou um epis\u00f3dio marcante com repercuss\u00f5es nacionais e internacionais: o <strong>ex-ministro dos Transportes da R\u00fassia, Roman Starovoit<\/strong>, foi encontrado sem vida horas ap\u00f3s sua exonera\u00e7\u00e3o. <strong>Roman Starovoit<\/strong> havia sido demitido do cargo por decreto do <strong>presidente russo, <a href=\"https:\/\/terrabrasilnoticias.com\/2025\/06\/putin-fala-em-3a-guerra-mundial-e-mundo-entra-em-estado-de-alerta\/\" target=\"_blank\" rel=\"noreferrer noopener\">Vladimir Putin<\/a><\/strong>, e a imprensa oficial destacou a nomea\u00e7\u00e3o de <strong>Andrey Nikitin<\/strong> como respons\u00e1vel interino pela pasta dos <strong>Transportes<\/strong>.<\/p>\n<p>A informa\u00e7\u00e3o do falecimento foi confirmada pelo Comit\u00ea Investigativo Russo, que comunicou a descoberta do corpo de Starovoit em um ve\u00edculo, no sub\u00farbio de Odintsovo, pr\u00f3ximo a Moscou. De acordo com a nota, Starovoit apresentava um ferimento de bala, e a principal hip\u00f3tese trabalhada pelas autoridades \u00e9 a de suic\u00eddio, embora as circunst\u00e2ncias ainda estejam sob investiga\u00e7\u00e3o. At\u00e9 o momento, representantes do governo evitaram apresentar justificativas detalhadas sobre a motiva\u00e7\u00e3o da demiss\u00e3o.<\/p>\n<h2 class=\"wp-block-heading\">Quem foi o ministro Roman Starovoit?<\/h2>\n<div class=\"wp-block-image\">\n<figure class=\"aligncenter size-large\"><picture class=\"wp-image-331445\"><source srcset=\"https:\/\/terrabrasilnoticias.com\/wp-content\/uploads\/2025\/07\/01-115-1024x576.jpg.webp 1024w, https:\/\/terrabrasilnoticias.com\/wp-content\/uploads\/2025\/07\/01-115-300x169.jpg.webp 300w, https:\/\/terrabrasilnoticias.com\/wp-content\/uploads\/2025\/07\/01-115-768x432.jpg.webp 768w, https:\/\/terrabrasilnoticias.com\/wp-content\/uploads\/2025\/07\/01-115-750x422.jpg.webp 750w, https:\/\/terrabrasilnoticias.com\/wp-content\/uploads\/2025\/07\/01-115-1140x641.jpg.webp 1140w, https:\/\/terrabrasilnoticias.com\/wp-content\/uploads\/2025\/07\/01-115.jpg.webp 1280w\" type=\"image\/webp\" sizes=\"(max-width: 1024px) 100vw, 1024px\" \/><img loading=\"lazy\" class=\"\" src=\"https:\/\/terrabrasilnoticias.com\/wp-content\/uploads\/2025\/07\/01-115-1024x576.jpg\" sizes=\"(max-width: 1024px) 100vw, 1024px\" srcset=\"https:\/\/terrabrasilnoticias.com\/wp-content\/uploads\/2025\/07\/01-115-1024x576.jpg 1024w, https:\/\/terrabrasilnoticias.com\/wp-content\/uploads\/2025\/07\/01-115-300x169.jpg 300w, https:\/\/terrabrasilnoticias.com\/wp-content\/uploads\/2025\/07\/01-115-768x432.jpg 768w, https:\/\/terrabrasilnoticias.com\/wp-content\/uploads\/2025\/07\/01-115-750x422.jpg 750w, https:\/\/terrabrasilnoticias.com\/wp-content\/uploads\/2025\/07\/01-115-1140x641.jpg 1140w, https:\/\/terrabrasilnoticias.com\/wp-content\/uploads\/2025\/07\/01-115.jpg 1280w\" alt=\"\" width=\"587\" height=\"330\" data-pin-no-hover=\"true\" \/> <\/picture><figcaption class=\"wp-element-caption\">Foto: Servi\u00e7o de Imprensa do Presidente da R\u00fassia\/ Wikimedia Commons<\/figcaption><\/figure>\n<\/div>\n<p>Roman Vladimirovich Starovoit nasceu em 1972 e consolidou sua trajet\u00f3ria pol\u00edtica ao atuar em diferentes frentes administrativas do governo russo. Antes de assumir o Minist\u00e9rio dos Transportes em 2024, Starovoit j\u00e1 havia ocupado o cargo de governador da regi\u00e3o de Kursk, no sul do pa\u00eds. No comando regional, foi respons\u00e1vel por medidas relacionadas \u00e0 seguran\u00e7a e infraestrutura, destacando-se em meio a tens\u00f5es resultantes da guerra entre R\u00fassia e Ucr\u00e2nia.<\/p>\n<p>Durante o per\u00edodo em que governou Kursk, Starovoit teve seu nome vinculado a debates envolvendo falhas na prote\u00e7\u00e3o da regi\u00e3o, especialmente diante dos riscos e danos gerados pelos conflitos militares. Sua recente passagem pelo minist\u00e9rio, entretanto, foi abruptamente interrompida pela decis\u00e3o presidencial, criando especula\u00e7\u00f5es sobre suas conex\u00f5es e eventuais fatores que levaram \u00e0 sua destitui\u00e7\u00e3o.<\/p>\n<h4 class=\"wp-block-heading\"><strong>Papel no Governo Russo<\/strong><\/h4>\n<ul class=\"wp-block-list\">\n<li><strong>Ministro dos Transportes (maio de 2024 \u2013 julho de 2025):<\/strong> Sua \u00faltima posi\u00e7\u00e3o no governo, da qual foi demitido abruptamente pelo presidente Vladimir Putin.<\/li>\n<li><strong>Governador do Oblast de Kursk (2019 \u2013 2024):<\/strong> Antes de se tornar ministro, Starovoit atuou como governador da regi\u00e3o de Kursk, que faz fronteira com a Ucr\u00e2nia. Durante sua gest\u00e3o, supervisionou a constru\u00e7\u00e3o de fortifica\u00e7\u00f5es defensivas.<\/li>\n<li><strong>Vice-ministro dos Transportes (2018):<\/strong> Teve uma breve passagem como vice-ministro antes de assumir o governo de Kursk.<\/li>\n<li><strong>Chefe da Ag\u00eancia Rodovi\u00e1ria Federal (Rosavtodor) (2012 \u2013 2018):<\/strong> Liderou a ag\u00eancia respons\u00e1vel pela infraestrutura rodovi\u00e1ria da R\u00fassia.<\/li>\n<li><strong>Outras posi\u00e7\u00f5es:<\/strong> Ao longo de sua carreira, tamb\u00e9m ocupou cargos em comit\u00eas de investimentos e projetos estrat\u00e9gicos no governo de S\u00e3o Petersburgo e no Departamento de Ind\u00fastria e Infraestrutura do Gabinete do Governo da Federa\u00e7\u00e3o Russa.<\/li>\n<\/ul>\n<h2 class=\"wp-block-heading\">Quais impactos a crise nos transportes provocou na R\u00fassia?<\/h2>\n<p>No mesmo final de semana em que ocorreu a demiss\u00e3o de Starovoit, a R\u00fassia vivenciou uma crise sem precedentes no sistema de transporte a\u00e9reo. De acordo com o \u00f3rg\u00e3o de avia\u00e7\u00e3o do pa\u00eds, mais de 485 voos foram cancelados, 88 aeronaves tiveram de ser desviadas e cerca de 1.900 apresentaram atrasos significativos. O motivo apontado oficialmente foi \u201cinterfer\u00eancia externa\u201d, termo frequentemente utilizado para descrever a\u00e7\u00f5es potencialmente relacionadas a ataques cibern\u00e9ticos ou militares.<\/p>\n<ul class=\"wp-block-list\">\n<li><strong>Cancelamentos em massa:<\/strong>\u00a0Companhias a\u00e9reas e aeroportos relataram dificuldades operacionais graves, afetando milhares de passageiros em diferentes regi\u00f5es.<\/li>\n<li><strong>Desvios e atrasos:<\/strong>\u00a0O impacto log\u00edstico provocou efeitos em cadeia na malha de transportes, prejudicando o cronograma e a conex\u00e3o entre cidades russas e internacionais.<\/li>\n<li><strong>Riscos de seguran\u00e7a:<\/strong>\u00a0Interfer\u00eancias frequentes reacenderam o debate sobre a vulnerabilidade da infraestrutura e sobre os procedimentos de prote\u00e7\u00e3o nos terminais do pa\u00eds.<\/li>\n<\/ul>\n<p>Com a instabilidade dos voos, o Minist\u00e9rio da Defesa da R\u00fassia informou que a\u00e7\u00f5es coordenadas resultaram na intercepta\u00e7\u00e3o de mais de 400 ataques ucranianos por meio de drones e m\u00edsseis durante o per\u00edodo. Por outro lado, autoridades ucranianas alegaram que f\u00e1bricas de muni\u00e7\u00e3o e dispositivos militares nos arredores de Moscou foram atingidas, ampliando o clima de tens\u00e3o nos n\u00edveis militar e civil.<\/p>\n<h2 class=\"wp-block-heading\">Quais as pol\u00eamicas envolvendo essas demiss\u00f5es?<\/h2>\n<div class=\"twitter-tweet twitter-tweet-rendered\"><iframe id=\"twitter-widget-0\" class=\"\" title=\"X Post\" src=\"https:\/\/platform.twitter.com\/embed\/Tweet.html?creatorScreenName=TerraBrasilnot&amp;dnt=false&amp;embedId=twitter-widget-0&amp;features=eyJ0ZndfdGltZWxpbmVfbGlzdCI6eyJidWNrZXQiOltdLCJ2ZXJzaW9uIjpudWxsfSwidGZ3X2ZvbGxvd2VyX2NvdW50X3N1bnNldCI6eyJidWNrZXQiOnRydWUsInZlcnNpb24iOm51bGx9LCJ0ZndfdHdlZXRfZWRpdF9iYWNrZW5kIjp7ImJ1Y2tldCI6Im9uIiwidmVyc2lvbiI6bnVsbH0sInRmd19yZWZzcmNfc2Vzc2lvbiI6eyJidWNrZXQiOiJvbiIsInZlcnNpb24iOm51bGx9LCJ0ZndfZm9zbnJfc29mdF9pbnRlcnZlbnRpb25zX2VuYWJsZWQiOnsiYnVja2V0Ijoib24iLCJ2ZXJzaW9uIjpudWxsfSwidGZ3X21peGVkX21lZGlhXzE1ODk3Ijp7ImJ1Y2tldCI6InRyZWF0bWVudCIsInZlcnNpb24iOm51bGx9LCJ0ZndfZXhwZXJpbWVudHNfY29va2llX2V4cGlyYXRpb24iOnsiYnVja2V0IjoxMjA5NjAwLCJ2ZXJzaW9uIjpudWxsfSwidGZ3X3Nob3dfYmlyZHdhdGNoX3Bpdm90c19lbmFibGVkIjp7ImJ1Y2tldCI6Im9uIiwidmVyc2lvbiI6bnVsbH0sInRmd19kdXBsaWNhdGVfc2NyaWJlc190b19zZXR0aW5ncyI6eyJidWNrZXQiOiJvbiIsInZlcnNpb24iOm51bGx9LCJ0ZndfdXNlX3Byb2ZpbGVfaW1hZ2Vfc2hhcGVfZW5hYmxlZCI6eyJidWNrZXQiOiJvbiIsInZlcnNpb24iOm51bGx9LCJ0ZndfdmlkZW9faGxzX2R5bmFtaWNfbWFuaWZlc3RzXzE1MDgyIjp7ImJ1Y2tldCI6InRydWVfYml0cmF0ZSIsInZlcnNpb24iOm51bGx9LCJ0ZndfbGVnYWN5X3RpbWVsaW5lX3N1bnNldCI6eyJidWNrZXQiOnRydWUsInZlcnNpb24iOm51bGx9LCJ0ZndfdHdlZXRfZWRpdF9mcm9udGVuZCI6eyJidWNrZXQiOiJvbiIsInZlcnNpb24iOm51bGx9fQ%3D%3D&amp;frame=false&amp;hideCard=false&amp;hideThread=false&amp;id=1942221251579175065&amp;lang=pt&amp;origin=https%3A%2F%2Fterrabrasilnoticias.com%2F2025%2F07%2Fdemitido-por-putin-ministro-russo-aparece-morto-em-circunstancias-misteriosas%2F&amp;sessionId=18a9ee7e1c2513c4d31bc9d94dc3fe1de1ecb5d8&amp;siteScreenName=TerraBrasilnot&amp;theme=light&amp;widgetsVersion=2615f7e52b7e0%3A1702314776716&amp;width=550px\" frameborder=\"0\" scrolling=\"no\" allowfullscreen=\"allowfullscreen\" data-tweet-id=\"1942221251579175065\" data-mce-fragment=\"1\"><\/iframe><\/div>\n<p>A substitui\u00e7\u00e3o repentina de membros-chave do governo, como ministros, revela poss\u00edveis disputas internas e pode indicar dificuldades estruturais ou crises n\u00e3o expostas ao p\u00fablico. No caso de Roman Starovoit, a escassez de explica\u00e7\u00f5es oficiais alimentou questionamentos quanto \u00e0 real motiva\u00e7\u00e3o da exonera\u00e7\u00e3o, levantando hip\u00f3teses sobre conflitos de interesses, falhas na gest\u00e3o ou discord\u00e2ncias estrat\u00e9gicas nas esferas de poder.<\/p>\n<ol class=\"wp-block-list\">\n<li>Demiss\u00f5es inesperadas tendem a provocar sensa\u00e7\u00e3o de instabilidade, especialmente quando ocorrem em meio a epis\u00f3dios cr\u00edticos, como falhas em \u00e1reas essenciais para o funcionamento do Estado.<\/li>\n<li>A sucess\u00e3o acelerada de cargos estrat\u00e9gicos dificulta o planejamento e a continuidade de pol\u00edticas p\u00fablicas, desafiando a capacidade de resposta do governo diante de situa\u00e7\u00f5es emergenciais.<\/li>\n<li>A repercuss\u00e3o de casos como o de Starovoit frequentemente extrapola fronteiras, gerando impactos na percep\u00e7\u00e3o internacional sobre a governabilidade e previsibilidade do pa\u00eds.<\/li>\n<\/ol>\n<p>No contexto atual, a trag\u00e9dia envolvendo o ex-ministro dos Transportes ocupa espa\u00e7o entre as not\u00edcias de destaque n\u00e3o s\u00f3 pela dramaticidade dos eventos, mas tamb\u00e9m pelo efeito domin\u00f3 que provoca na m\u00e1quina estatal. A exonera\u00e7\u00e3o e o falecimento subsequente ilustram quest\u00f5es mais amplas sobre o funcionamento dos bastidores pol\u00edticos russos e a instabilidade vivida por l\u00edderes em tempos de conflito.<\/p>\n<p>A sucessiva onda de crises, tanto administrativas quanto operacionais, refor\u00e7a o desafio enfrentado pela R\u00fassia em manter a coes\u00e3o em suas institui\u00e7\u00f5es num per\u00edodo marcado pela press\u00e3o militar, san\u00e7\u00f5es econ\u00f4micas e vigil\u00e2ncia internacional. O desfecho da morte de Roman Starovoit, somado ao impacto nos transportes, revela a complexa rede de fatores que influencia as decis\u00f5es e os rumos do poder no pa\u00eds em 2025.<\/p>\n<p>&nbsp;<\/p>\n<div>\n<div>\n<div class=\"google-auto-placed\">\n<div class=\"panel panel-default painel-estabeleciment \">\n<div class=\"row\">\u00a0 \u00a0 \u00a0 TerraBrasil\u00a0\u2013 <a href=\"http:\/\/guiafacilbrasil.com.br\/blog\/\">\u00a0GuiaF\u00e1cilBrasil<\/a><\/div>\n<\/div>\n<\/div>\n<\/div>\n<\/div>\n","protected":false},"excerpt":{"rendered":"<p>Na manh\u00e3 desta segunda-feira (7\/7), o cen\u00e1rio pol\u00edtico russo registrou um epis\u00f3dio marcante com repercuss\u00f5es nacionais e internacionais: o ex-ministro dos Transportes da R\u00fassia, Roman Starovoit, foi encontrado sem vida horas ap\u00f3s sua exonera\u00e7\u00e3o. Roman Starovoit havia sido demitido do cargo por decreto do presidente russo, Vladimir Putin, e a imprensa oficial destacou a nomea\u00e7\u00e3o [&hellip;]<\/p>\n","protected":false},"author":2,"featured_media":24741,"comment_status":"open","ping_status":"open","sticky":false,"template":"","format":"standard","meta":[],"categories":[17],"tags":[],"_links":{"self":[{"href":"https:\/\/www.guiafacilbrasil.com.br\/blog\/wp-json\/wp\/v2\/posts\/24740"}],"collection":[{"href":"https:\/\/www.guiafacilbrasil.com.br\/blog\/wp-json\/wp\/v2\/posts"}],"about":[{"href":"https:\/\/www.guiafacilbrasil.com.br\/blog\/wp-json\/wp\/v2\/types\/post"}],"author":[{"embeddable":true,"href":"https:\/\/www.guiafacilbrasil.com.br\/blog\/wp-json\/wp\/v2\/users\/2"}],"replies":[{"embeddable":true,"href":"https:\/\/www.guiafacilbrasil.com.br\/blog\/wp-json\/wp\/v2\/comments?post=24740"}],"version-history":[{"count":1,"href":"https:\/\/www.guiafacilbrasil.com.br\/blog\/wp-json\/wp\/v2\/posts\/24740\/revisions"}],"predecessor-version":[{"id":24742,"href":"https:\/\/www.guiafacilbrasil.com.br\/blog\/wp-json\/wp\/v2\/posts\/24740\/revisions\/24742"}],"wp:featuredmedia":[{"embeddable":true,"href":"https:\/\/www.guiafacilbrasil.com.br\/blog\/wp-json\/wp\/v2\/media\/24741"}],"wp:attachment":[{"href":"https:\/\/www.guiafacilbrasil.com.br\/blog\/wp-json\/wp\/v2\/media?parent=24740"}],"wp:term":[{"taxonomy":"category","embeddable":true,"href":"https:\/\/www.guiafacilbrasil.com.br\/blog\/wp-json\/wp\/v2\/categories?post=24740"},{"taxonomy":"post_tag","embeddable":true,"href":"https:\/\/www.guiafacilbrasil.com.br\/blog\/wp-json\/wp\/v2\/tags?post=24740"}],"curies":[{"name":"wp","href":"https:\/\/api.w.org\/{rel}","templated":true}]}}