{"id":24737,"date":"2025-07-08T18:22:45","date_gmt":"2025-07-08T21:22:45","guid":{"rendered":"https:\/\/www.guiafacilbrasil.com.br\/blog\/?p=24737"},"modified":"2025-07-08T18:22:45","modified_gmt":"2025-07-08T21:22:45","slug":"carro-rebaixado-da-multa-o-que-a-lei-diz-sobre-personalizacao-de-veiculos","status":"publish","type":"post","link":"https:\/\/www.guiafacilbrasil.com.br\/blog\/carro-rebaixado-da-multa-o-que-a-lei-diz-sobre-personalizacao-de-veiculos\/","title":{"rendered":"Carro rebaixado d\u00e1 multa? O que a lei diz sobre personaliza\u00e7\u00e3o de ve\u00edculos"},"content":{"rendered":"<p><img loading=\"lazy\" class=\"alignnone size-medium wp-image-24738\" src=\"https:\/\/www.guiafacilbrasil.com.br\/blog\/wp-content\/uploads\/2025\/07\/Carro-rebaixado-da-multa-O-que-a-lei-diz-sobre-personalizacao-de-veiculos-300x149.png\" alt=\"\" width=\"300\" height=\"149\" srcset=\"https:\/\/www.guiafacilbrasil.com.br\/blog\/wp-content\/uploads\/2025\/07\/Carro-rebaixado-da-multa-O-que-a-lei-diz-sobre-personalizacao-de-veiculos-300x149.png 300w, https:\/\/www.guiafacilbrasil.com.br\/blog\/wp-content\/uploads\/2025\/07\/Carro-rebaixado-da-multa-O-que-a-lei-diz-sobre-personalizacao-de-veiculos.png 591w\" sizes=\"(max-width: 300px) 100vw, 300px\" \/><\/p>\n<p>Discuss\u00f5es sobre <a href=\"https:\/\/terrabrasilnoticias.com\/2025\/06\/pratica-comum-com-veiculos-agora-pode-dar-ate-seis-anos-de-prisao\/\" target=\"_blank\" rel=\"noreferrer noopener\">personaliza\u00e7\u00e3o automotiva<\/a> ganham cada vez mais espa\u00e7o, especialmente entre jovens apaixonados por carros. Entre as modifica\u00e7\u00f5es mais vis\u00edveis e populares, o rebaixamento de ve\u00edculos \u00e9 frequentemente tema de v\u00eddeos, posts e debates nas redes sociais. No entanto, a grande d\u00favida que ecoa nas oficinas e grupos de entusiastas \u00e9: <strong><a href=\"https:\/\/blog.nakata.com.br\/carro-rebaixado-pode-ou-nao-pode-saiba-mais\/\" target=\"_blank\" rel=\"noreferrer noopener\">carro rebaixado \u00e9 permitido no Brasil<\/a>?<\/strong> E quais s\u00e3o os limites legais para altera\u00e7\u00f5es como suspens\u00e3o e troca de componentes estruturais?<\/p>\n<p>Antes de investir em um visual diferenciado ou em melhorias na performance, \u00e9 indispens\u00e1vel entender o que a legisla\u00e7\u00e3o prev\u00ea para evitar problemas com \u00f3rg\u00e3os fiscalizadores. A rela\u00e7\u00e3o entre personaliza\u00e7\u00e3o, seguran\u00e7a vi\u00e1ria e documenta\u00e7\u00e3o legal provoca muitas d\u00favidas, especialmente quando se fala em multas e obrigatoriedades para circula\u00e7\u00e3o.<\/p>\n<h2 class=\"wp-block-heading\">O que diz a legisla\u00e7\u00e3o sobre carros rebaixados?<\/h2>\n<p>A legisla\u00e7\u00e3o brasileira permite a <strong>altera\u00e7\u00e3o de suspens\u00e3o<\/strong> nos autom\u00f3veis, desde que o procedimento seja realizado de acordo com normas t\u00e9cnicas e seguindo etapas estipuladas pelo Conselho Nacional de Tr\u00e2nsito (CONTRAN). A Resolu\u00e7\u00e3o 292\/2008, hoje complementada por atualiza\u00e7\u00f5es posteriores, define regras para que modifica\u00e7\u00f5es sejam consideradas legais. Entre os principais pontos previstos, est\u00e1 a exig\u00eancia de inspe\u00e7\u00e3o veicular ap\u00f3s a adapta\u00e7\u00e3o, al\u00e9m da inclus\u00e3o da modifica\u00e7\u00e3o no Certificado de Registro e Licenciamento de Ve\u00edculo (CRLV).<\/p>\n<p>Quem realiza o rebaixamento da suspens\u00e3o precisa atentar para limites m\u00ednimos em rela\u00e7\u00e3o \u00e0 altura do solo, normalmente estipulados em 100 mm para carros de passeio, evitando qualquer risco \u00e0 estabilidade e \u00e0 seguran\u00e7a do tr\u00e2nsito. A legisla\u00e7\u00e3o tamb\u00e9m determina que eixos e suspens\u00f5es n\u00e3o podem ter altera\u00e7\u00f5es estruturais que comprometem suas fun\u00e7\u00f5es originais.<\/p>\n<h2 class=\"wp-block-heading\">Carro rebaixado leva multa?<\/h2>\n<p>Muitos motoristas ainda confundem o conceito de \u201crebaixamento legal\u201d com pr\u00e1ticas que fogem \u00e0 regulamenta\u00e7\u00e3o. Ve\u00edculos com suspens\u00e3o alterada, mas sem a devida regulariza\u00e7\u00e3o junto ao Departamento Estadual de Tr\u00e2nsito (DETRAN) e ao Instituto Nacional de Metrologia (INMETRO), est\u00e3o sujeitos \u00e0 penalidade prevista no C\u00f3digo de Tr\u00e2nsito Brasileiro (CTB). Multas por carro modificado, segundo o artigo 230, referem-se ao fato de o ve\u00edculo n\u00e3o estar conforme especificado em seu registro.<\/p>\n<div class=\"code-block code-block-5 code-block-content-4\">\n<div>\n<div>Anuncios<\/div>\n<\/div>\n<\/div>\n<p>Os principais motivos que levam \u00e0 autua\u00e7\u00e3o incluem:<\/p>\n<ul class=\"wp-block-list\">\n<li>Altera\u00e7\u00e3o de caracter\u00edsticas n\u00e3o informada ao DETRAN<\/li>\n<li>Suspens\u00e3o fixa, remov\u00edvel ou regul\u00e1vel fora dos padr\u00f5es legais<\/li>\n<li>Aus\u00eancia de inspe\u00e7\u00e3o e laudo do INMETRO<\/li>\n<\/ul>\n<p>Al\u00e9m da multa grav\u00edssima e dos pontos na carteira de habilita\u00e7\u00e3o, o ve\u00edculo pode ser retido at\u00e9 que volte \u00e0 configura\u00e7\u00e3o original ou seja devidamente regulamentado.<\/p>\n<figure class=\"wp-block-image size-large\"><picture class=\"wp-image-331142\"><source srcset=\"https:\/\/terrabrasilnoticias.com\/wp-content\/uploads\/2025\/07\/carro-_1751930123365-1024x576.jpg.webp 1024w, https:\/\/terrabrasilnoticias.com\/wp-content\/uploads\/2025\/07\/carro-_1751930123365-300x169.jpg.webp 300w, https:\/\/terrabrasilnoticias.com\/wp-content\/uploads\/2025\/07\/carro-_1751930123365-768x432.jpg.webp 768w, https:\/\/terrabrasilnoticias.com\/wp-content\/uploads\/2025\/07\/carro-_1751930123365-750x422.jpg.webp 750w, https:\/\/terrabrasilnoticias.com\/wp-content\/uploads\/2025\/07\/carro-_1751930123365-1140x641.jpg.webp 1140w, https:\/\/terrabrasilnoticias.com\/wp-content\/uploads\/2025\/07\/carro-_1751930123365.jpg.webp 1280w\" type=\"image\/webp\" sizes=\"(max-width: 1024px) 100vw, 1024px\" \/><img loading=\"lazy\" class=\"\" src=\"https:\/\/terrabrasilnoticias.com\/wp-content\/uploads\/2025\/07\/carro-_1751930123365-1024x576.jpg\" sizes=\"(max-width: 1024px) 100vw, 1024px\" srcset=\"https:\/\/terrabrasilnoticias.com\/wp-content\/uploads\/2025\/07\/carro-_1751930123365-1024x576.jpg 1024w, https:\/\/terrabrasilnoticias.com\/wp-content\/uploads\/2025\/07\/carro-_1751930123365-300x169.jpg 300w, https:\/\/terrabrasilnoticias.com\/wp-content\/uploads\/2025\/07\/carro-_1751930123365-768x432.jpg 768w, https:\/\/terrabrasilnoticias.com\/wp-content\/uploads\/2025\/07\/carro-_1751930123365-750x422.jpg 750w, https:\/\/terrabrasilnoticias.com\/wp-content\/uploads\/2025\/07\/carro-_1751930123365-1140x641.jpg 1140w, https:\/\/terrabrasilnoticias.com\/wp-content\/uploads\/2025\/07\/carro-_1751930123365.jpg 1280w\" alt=\"\" width=\"489\" height=\"275\" data-pin-no-hover=\"true\" \/> <\/picture><figcaption class=\"wp-element-caption\">carro \u2013 Cr\u00e9ditos: depositphotos.com \/ mtoome<\/figcaption><\/figure>\n<h2 class=\"wp-block-heading\">Como fazer a altera\u00e7\u00e3o de suspens\u00e3o dentro da lei?<\/h2>\n<p>Para garantir que o <strong>carro rebaixado<\/strong> esteja totalmente em conformidade com as regras, \u00e9 fundamental seguir alguns passos essenciais. O processo come\u00e7a na solicita\u00e7\u00e3o de autoriza\u00e7\u00e3o pr\u00e9via junto ao DETRAN do estado, informando o desejo de modificar a suspens\u00e3o. Ap\u00f3s o servi\u00e7o feito em oficina credenciada, o motorista deve passar por inspe\u00e7\u00e3o t\u00e9cnica para analisar se a altera\u00e7\u00e3o respeita os padr\u00f5es de seguran\u00e7a do INMETRO.<\/p>\n<ol class=\"wp-block-list\">\n<li>Solicitar autoriza\u00e7\u00e3o para modifica\u00e7\u00e3o junto ao DETRAN<\/li>\n<li>Realizar o servi\u00e7o em oficina especializada e registrada<\/li>\n<li>Passar pela vistoria do INMETRO ou \u00f3rg\u00e3o credenciado<\/li>\n<li>Atualizar o documento do ve\u00edculo inserindo a nova caracter\u00edstica no CRLV<\/li>\n<\/ol>\n<p>O descumprimento de qualquer uma dessas etapas pode resultar em problemas legais e acarretar penalidades, al\u00e9m de tornar o segurado vulner\u00e1vel em caso de sinistros, uma vez que seguradoras podem recusar indeniza\u00e7\u00f5es para carros modificados irregularmente.<\/p>\n<h2 class=\"wp-block-heading\">Quais personaliza\u00e7\u00f5es automotivas s\u00e3o permitidas?<\/h2>\n<p>Al\u00e9m do rebaixamento, muitos curiosos buscam informa\u00e7\u00f5es sobre outras formas de customiza\u00e7\u00e3o, como mudan\u00e7as na cor, instala\u00e7\u00e3o de rodas maiores, envelopamento e troca de sistema de escapamento. Cada altera\u00e7\u00e3o possui regras espec\u00edficas, mas, em geral, modifica\u00e7\u00f5es que n\u00e3o comprometem a seguran\u00e7a nem alteram a estrutura fundamental do ve\u00edculo s\u00e3o pass\u00edveis de regulariza\u00e7\u00e3o. \u00c9 importante consultar o DETRAN local e verificar se a documenta\u00e7\u00e3o precisa ser atualizada, evitando situa\u00e7\u00f5es de risco ou autua\u00e7\u00e3o em blitz.<\/p>\n<p>Em 2025, a fiscaliza\u00e7\u00e3o de carros modificados tornou-se mais eficiente, contando com equipamentos digitais que facilitam a identifica\u00e7\u00e3o de caracter\u00edsticas n\u00e3o registradas. Assim, informa\u00e7\u00e3o atualizada e respeito \u00e0s normas s\u00e3o aliados para quem deseja personalizar sem descumprir as exig\u00eancias legais.<\/p>\n<p>&nbsp;<\/p>\n<div>\n<div>\n<div class=\"google-auto-placed\">\n<div class=\"panel panel-default painel-estabeleciment \">\n<div class=\"row\">\u00a0 \u00a0 \u00a0 TerraBrasil\u00a0\u2013 <a href=\"http:\/\/guiafacilbrasil.com.br\/blog\/\">\u00a0GuiaF\u00e1cilBrasil<\/a><\/div>\n<\/div>\n<\/div>\n<\/div>\n<\/div>\n","protected":false},"excerpt":{"rendered":"<p>Discuss\u00f5es sobre personaliza\u00e7\u00e3o automotiva ganham cada vez mais espa\u00e7o, especialmente entre jovens apaixonados por carros. Entre as modifica\u00e7\u00f5es mais vis\u00edveis e populares, o rebaixamento de ve\u00edculos \u00e9 frequentemente tema de v\u00eddeos, posts e debates nas redes sociais. No entanto, a grande d\u00favida que ecoa nas oficinas e grupos de entusiastas \u00e9: carro rebaixado \u00e9 permitido [&hellip;]<\/p>\n","protected":false},"author":2,"featured_media":24738,"comment_status":"open","ping_status":"open","sticky":false,"template":"","format":"standard","meta":[],"categories":[8],"tags":[],"_links":{"self":[{"href":"https:\/\/www.guiafacilbrasil.com.br\/blog\/wp-json\/wp\/v2\/posts\/24737"}],"collection":[{"href":"https:\/\/www.guiafacilbrasil.com.br\/blog\/wp-json\/wp\/v2\/posts"}],"about":[{"href":"https:\/\/www.guiafacilbrasil.com.br\/blog\/wp-json\/wp\/v2\/types\/post"}],"author":[{"embeddable":true,"href":"https:\/\/www.guiafacilbrasil.com.br\/blog\/wp-json\/wp\/v2\/users\/2"}],"replies":[{"embeddable":true,"href":"https:\/\/www.guiafacilbrasil.com.br\/blog\/wp-json\/wp\/v2\/comments?post=24737"}],"version-history":[{"count":1,"href":"https:\/\/www.guiafacilbrasil.com.br\/blog\/wp-json\/wp\/v2\/posts\/24737\/revisions"}],"predecessor-version":[{"id":24739,"href":"https:\/\/www.guiafacilbrasil.com.br\/blog\/wp-json\/wp\/v2\/posts\/24737\/revisions\/24739"}],"wp:featuredmedia":[{"embeddable":true,"href":"https:\/\/www.guiafacilbrasil.com.br\/blog\/wp-json\/wp\/v2\/media\/24738"}],"wp:attachment":[{"href":"https:\/\/www.guiafacilbrasil.com.br\/blog\/wp-json\/wp\/v2\/media?parent=24737"}],"wp:term":[{"taxonomy":"category","embeddable":true,"href":"https:\/\/www.guiafacilbrasil.com.br\/blog\/wp-json\/wp\/v2\/categories?post=24737"},{"taxonomy":"post_tag","embeddable":true,"href":"https:\/\/www.guiafacilbrasil.com.br\/blog\/wp-json\/wp\/v2\/tags?post=24737"}],"curies":[{"name":"wp","href":"https:\/\/api.w.org\/{rel}","templated":true}]}}