{"id":24734,"date":"2025-07-08T18:19:37","date_gmt":"2025-07-08T21:19:37","guid":{"rendered":"https:\/\/www.guiafacilbrasil.com.br\/blog\/?p=24734"},"modified":"2025-07-08T18:19:37","modified_gmt":"2025-07-08T21:19:37","slug":"ciro-nogueira-sob-ataque-criticas-se-intensificam-apos-rumores-de-vice-em-2026","status":"publish","type":"post","link":"https:\/\/www.guiafacilbrasil.com.br\/blog\/ciro-nogueira-sob-ataque-criticas-se-intensificam-apos-rumores-de-vice-em-2026\/","title":{"rendered":"Ciro Nogueira sob ataque: cr\u00edticas se intensificam ap\u00f3s rumores de vice em 2026"},"content":{"rendered":"<p><img loading=\"lazy\" class=\"alignnone size-medium wp-image-24735\" src=\"https:\/\/www.guiafacilbrasil.com.br\/blog\/wp-content\/uploads\/2025\/07\/Ciro-Nogueira-sob-ataque-criticas-se-intensificam-apos-rumores-de-vice-em-2026-300x150.png\" alt=\"\" width=\"300\" height=\"150\" srcset=\"https:\/\/www.guiafacilbrasil.com.br\/blog\/wp-content\/uploads\/2025\/07\/Ciro-Nogueira-sob-ataque-criticas-se-intensificam-apos-rumores-de-vice-em-2026-300x150.png 300w, https:\/\/www.guiafacilbrasil.com.br\/blog\/wp-content\/uploads\/2025\/07\/Ciro-Nogueira-sob-ataque-criticas-se-intensificam-apos-rumores-de-vice-em-2026.png 595w\" sizes=\"(max-width: 300px) 100vw, 300px\" \/><\/p>\n<p>O <strong>senador Ciro Nogueira (PP-PI)<\/strong>, presidente nacional do <strong>Progressistas <\/strong>e figura influente da pol\u00edtica <strong>brasileira <\/strong>desde os anos <strong>1990<\/strong>, passou a enfrentar uma onda de cr\u00edticas nas redes sociais e na imprensa desde que seu nome passou a ser ventilado como <strong>poss\u00edvel vice na chapa presidencial de Tarc\u00edsio de Freitas (Republicanos)<\/strong> para as elei\u00e7\u00f5es de <strong>2026<\/strong>. A especula\u00e7\u00e3o ganhou for\u00e7a durante um evento em <strong>S\u00e3o Paulo, em 22 de maio de 2025<\/strong>, com a presen\u00e7a de l\u00edderes do <strong>PP e PL<\/strong> \u2014 ato que sinalizou o esbo\u00e7o de uma coaliz\u00e3o de centro-direita com apoio do <strong>ex-presidente <a href=\"https:\/\/terrabrasilnoticias.com\/2025\/07\/trump-sai-em-defesa-de-bolsonaro-e-detona-acao-contra-ex-presidente-entenda\/\" target=\"_blank\" rel=\"noreferrer noopener\">Jair Bolsonaro<\/a><\/strong>.<\/p>\n<p>Desde ent\u00e3o, den\u00fancias n\u00e3o comprovadas come\u00e7aram a circular, com destaque para uma postagem do jornalista Ricardo Noblat, feita em 7 de julho de 2025, em que se menciona um suposto envolvimento de Nogueira com a casa de apostas 7Gamesbet, de propriedade de Fernando Oliveira Lima. Noblat citou relat\u00f3rios da CPI das Apostas Esportivas (CPI das Bets) e movimenta\u00e7\u00f5es financeiras rastreadas pelo Coaf, que apontariam a compra de tr\u00eas apartamentos em Teresina por meio da empresa Ciro Nogueira Agropecu\u00e1ria e Im\u00f3veis. No entanto, at\u00e9 o momento, n\u00e3o h\u00e1 qualquer comprova\u00e7\u00e3o judicial ou evid\u00eancia robusta que sustente essas acusa\u00e7\u00f5es.<\/p>\n<p>A coincid\u00eancia entre o crescimento das especula\u00e7\u00f5es eleitorais e a multiplica\u00e7\u00e3o das den\u00fancias levantou suspeitas entre aliados do senador. Embora n\u00e3o haja provas de uma campanha articulada, o tom das postagens nas redes sociais e a organiza\u00e7\u00e3o de manifesta\u00e7\u00f5es previstas para o dia 10 de julho de 2025, com slogans como \u201cPiau\u00ed n\u00e3o reeleja Ciro Nogueira\u201d e memes com o personagem \u201cTigrinho\u201d (s\u00edmbolo das apostas), indicam um movimento com poss\u00edvel vi\u00e9s pol\u00edtico. Grupos de esquerda e perfis que defendem pautas como a taxa\u00e7\u00e3o de bilion\u00e1rios e o combate \u00e0 \u201cmamata no Congresso\u201d t\u00eam liderado a mobiliza\u00e7\u00e3o digital.<\/p>\n<div class=\"entry-content no-share\">\n<div class=\"content-inner \">\n<p>Apesar de algumas interpreta\u00e7\u00f5es mais radicais classificarem as cr\u00edticas como fruto de uma suposta \u201cmil\u00edcia de esquerda\u201d, a realidade observ\u00e1vel at\u00e9 agora \u00e9 de um cen\u00e1rio de disputa pol\u00edtica intensificada, mas ainda sem comprova\u00e7\u00e3o de articula\u00e7\u00e3o organizada ou financiamento irregular. Noblat, que j\u00e1 foi acusado de alinhamento \u00e0 esquerda por cr\u00edticos bolsonaristas, tem mantido um tom cr\u00edtico ao campo conservador, o que alimenta ainda mais a polariza\u00e7\u00e3o em torno do caso.<\/p>\n<p>Enquanto a ofensiva contra Ciro Nogueira ganha visibilidade, n\u00e3o h\u00e1 processos judiciais ou decis\u00f5es do STF que configurem qualquer condena\u00e7\u00e3o ou responsabiliza\u00e7\u00e3o formal do senador. Aliados consideram que se trata de uma estrat\u00e9gia para descredenciar uma lideran\u00e7a influente antes mesmo do lan\u00e7amento oficial da chapa Tarc\u00edsio-Nogueira. Para eles, o que se v\u00ea \u00e9 mais uma tentativa de minar advers\u00e1rios pol\u00edticos do que a revela\u00e7\u00e3o de um esc\u00e2ndalo real.<\/p>\n<p>A resposta definitiva, no entanto, deve vir das investiga\u00e7\u00f5es oficiais \u2014 e, principalmente, das urnas. At\u00e9 l\u00e1, o embate entre narrativas promete se acirrar ainda mais.<\/p>\n<div class=\"twitter-tweet twitter-tweet-rendered\"><iframe id=\"twitter-widget-0\" class=\"\" title=\"X Post\" src=\"https:\/\/platform.twitter.com\/embed\/Tweet.html?creatorScreenName=TerraBrasilnot&amp;dnt=false&amp;embedId=twitter-widget-0&amp;features=eyJ0ZndfdGltZWxpbmVfbGlzdCI6eyJidWNrZXQiOltdLCJ2ZXJzaW9uIjpudWxsfSwidGZ3X2ZvbGxvd2VyX2NvdW50X3N1bnNldCI6eyJidWNrZXQiOnRydWUsInZlcnNpb24iOm51bGx9LCJ0ZndfdHdlZXRfZWRpdF9iYWNrZW5kIjp7ImJ1Y2tldCI6Im9uIiwidmVyc2lvbiI6bnVsbH0sInRmd19yZWZzcmNfc2Vzc2lvbiI6eyJidWNrZXQiOiJvbiIsInZlcnNpb24iOm51bGx9LCJ0ZndfZm9zbnJfc29mdF9pbnRlcnZlbnRpb25zX2VuYWJsZWQiOnsiYnVja2V0Ijoib24iLCJ2ZXJzaW9uIjpudWxsfSwidGZ3X21peGVkX21lZGlhXzE1ODk3Ijp7ImJ1Y2tldCI6InRyZWF0bWVudCIsInZlcnNpb24iOm51bGx9LCJ0ZndfZXhwZXJpbWVudHNfY29va2llX2V4cGlyYXRpb24iOnsiYnVja2V0IjoxMjA5NjAwLCJ2ZXJzaW9uIjpudWxsfSwidGZ3X3Nob3dfYmlyZHdhdGNoX3Bpdm90c19lbmFibGVkIjp7ImJ1Y2tldCI6Im9uIiwidmVyc2lvbiI6bnVsbH0sInRmd19kdXBsaWNhdGVfc2NyaWJlc190b19zZXR0aW5ncyI6eyJidWNrZXQiOiJvbiIsInZlcnNpb24iOm51bGx9LCJ0ZndfdXNlX3Byb2ZpbGVfaW1hZ2Vfc2hhcGVfZW5hYmxlZCI6eyJidWNrZXQiOiJvbiIsInZlcnNpb24iOm51bGx9LCJ0ZndfdmlkZW9faGxzX2R5bmFtaWNfbWFuaWZlc3RzXzE1MDgyIjp7ImJ1Y2tldCI6InRydWVfYml0cmF0ZSIsInZlcnNpb24iOm51bGx9LCJ0ZndfbGVnYWN5X3RpbWVsaW5lX3N1bnNldCI6eyJidWNrZXQiOnRydWUsInZlcnNpb24iOm51bGx9LCJ0ZndfdHdlZXRfZWRpdF9mcm9udGVuZCI6eyJidWNrZXQiOiJvbiIsInZlcnNpb24iOm51bGx9fQ%3D%3D&amp;frame=false&amp;hideCard=false&amp;hideThread=false&amp;id=1941813413828608039&amp;lang=pt&amp;origin=https%3A%2F%2Fterrabrasilnoticias.com%2F2025%2F07%2Fciro-nogueira-sob-ataque-criticas-se-intensificam-apos-rumores-de-vice-em-2026%2F&amp;sessionId=06d052cbe07f468a7b524769dc093c18ff0366f1&amp;siteScreenName=TerraBrasilnot&amp;theme=light&amp;widgetsVersion=2615f7e52b7e0%3A1702314776716&amp;width=550px\" frameborder=\"0\" scrolling=\"no\" allowfullscreen=\"allowfullscreen\" data-tweet-id=\"1941813413828608039\" data-mce-fragment=\"1\"><\/iframe><\/div>\n<p><strong><em>Por J\u00fanior Melo<\/em><\/strong><\/p>\n<\/div>\n<\/div>\n<div class=\"jeg_share_bottom_container\">\n<div class=\"jeg_share_button share-bottom clearfix\">\n<p>&nbsp;<\/p>\n<div>\n<div>\n<div class=\"google-auto-placed\">\n<div class=\"panel panel-default painel-estabeleciment \">\n<div class=\"row\">\u00a0 \u00a0 \u00a0 TerraBrasil\u00a0\u2013 <a href=\"http:\/\/guiafacilbrasil.com.br\/blog\/\">\u00a0GuiaF\u00e1cilBrasil<\/a><\/div>\n<\/div>\n<\/div>\n<\/div>\n<\/div>\n<\/div>\n<\/div>\n<p>&nbsp;<\/p>\n","protected":false},"excerpt":{"rendered":"<p>O senador Ciro Nogueira (PP-PI), presidente nacional do Progressistas e figura influente da pol\u00edtica brasileira desde os anos 1990, passou a enfrentar uma onda de cr\u00edticas nas redes sociais e na imprensa desde que seu nome passou a ser ventilado como poss\u00edvel vice na chapa presidencial de Tarc\u00edsio de Freitas (Republicanos) para as elei\u00e7\u00f5es de [&hellip;]<\/p>\n","protected":false},"author":2,"featured_media":24735,"comment_status":"open","ping_status":"open","sticky":false,"template":"","format":"standard","meta":[],"categories":[9],"tags":[],"_links":{"self":[{"href":"https:\/\/www.guiafacilbrasil.com.br\/blog\/wp-json\/wp\/v2\/posts\/24734"}],"collection":[{"href":"https:\/\/www.guiafacilbrasil.com.br\/blog\/wp-json\/wp\/v2\/posts"}],"about":[{"href":"https:\/\/www.guiafacilbrasil.com.br\/blog\/wp-json\/wp\/v2\/types\/post"}],"author":[{"embeddable":true,"href":"https:\/\/www.guiafacilbrasil.com.br\/blog\/wp-json\/wp\/v2\/users\/2"}],"replies":[{"embeddable":true,"href":"https:\/\/www.guiafacilbrasil.com.br\/blog\/wp-json\/wp\/v2\/comments?post=24734"}],"version-history":[{"count":1,"href":"https:\/\/www.guiafacilbrasil.com.br\/blog\/wp-json\/wp\/v2\/posts\/24734\/revisions"}],"predecessor-version":[{"id":24736,"href":"https:\/\/www.guiafacilbrasil.com.br\/blog\/wp-json\/wp\/v2\/posts\/24734\/revisions\/24736"}],"wp:featuredmedia":[{"embeddable":true,"href":"https:\/\/www.guiafacilbrasil.com.br\/blog\/wp-json\/wp\/v2\/media\/24735"}],"wp:attachment":[{"href":"https:\/\/www.guiafacilbrasil.com.br\/blog\/wp-json\/wp\/v2\/media?parent=24734"}],"wp:term":[{"taxonomy":"category","embeddable":true,"href":"https:\/\/www.guiafacilbrasil.com.br\/blog\/wp-json\/wp\/v2\/categories?post=24734"},{"taxonomy":"post_tag","embeddable":true,"href":"https:\/\/www.guiafacilbrasil.com.br\/blog\/wp-json\/wp\/v2\/tags?post=24734"}],"curies":[{"name":"wp","href":"https:\/\/api.w.org\/{rel}","templated":true}]}}