{"id":24613,"date":"2025-06-19T09:24:46","date_gmt":"2025-06-19T12:24:46","guid":{"rendered":"https:\/\/www.guiafacilbrasil.com.br\/blog\/?p=24613"},"modified":"2025-06-19T09:24:46","modified_gmt":"2025-06-19T12:24:46","slug":"tapetes-de-corpus-christi-entenda-a-origem-e-o-significado-dessa-tradicao-para-a-igreja-catolica","status":"publish","type":"post","link":"https:\/\/www.guiafacilbrasil.com.br\/blog\/tapetes-de-corpus-christi-entenda-a-origem-e-o-significado-dessa-tradicao-para-a-igreja-catolica\/","title":{"rendered":"Tapetes de Corpus Christi: entenda a origem e o significado dessa tradi\u00e7\u00e3o para a Igreja Cat\u00f3lica"},"content":{"rendered":"<p><img loading=\"lazy\" class=\"alignnone size-medium wp-image-24614\" src=\"https:\/\/www.guiafacilbrasil.com.br\/blog\/wp-content\/uploads\/2025\/06\/Tapetes-de-Corpus-Christi-entenda-a-origem-e-o-significado-dessa-tradicao-para-a-Igreja-Catolica-300x174.png\" alt=\"\" width=\"300\" height=\"174\" srcset=\"https:\/\/www.guiafacilbrasil.com.br\/blog\/wp-content\/uploads\/2025\/06\/Tapetes-de-Corpus-Christi-entenda-a-origem-e-o-significado-dessa-tradicao-para-a-Igreja-Catolica-300x174.png 300w, https:\/\/www.guiafacilbrasil.com.br\/blog\/wp-content\/uploads\/2025\/06\/Tapetes-de-Corpus-Christi-entenda-a-origem-e-o-significado-dessa-tradicao-para-a-Igreja-Catolica.png 616w\" sizes=\"(max-width: 300px) 100vw, 300px\" \/><\/p>\n<p>Desenho de Nossa Senhora e do Menino Jesus no tapete de Corpus Christi em Ca\u00e7apava \u2014 Foto: Eduardo Marcondes \/ Rede Vanguarda<\/p>\n<p>O feriado de Corpus Christi, comemorado pela Igreja Cat\u00f3lica e que celebra o corpo de Jesus Cristo, este ano \u00e9 realizado nesta quinta-feira (19). A celebra\u00e7\u00e3o n\u00e3o tem data fixa no calend\u00e1rio, j\u00e1 que acontece 60 dias ap\u00f3s a P\u00e1scoa. Como tradi\u00e7\u00e3o, s\u00e3o feitos diversos ritos que marcam a data.<\/p>\n<p>Uma das principais tradi\u00e7\u00f5es no dia de Corpus Christi \u00e9 a montagem de tapetes, desenhados nas ruas das cidades. Para que isso aconte\u00e7a, diversos volunt\u00e1rios se disp\u00f5em para montarem in\u00fameros desenhos que fazem alus\u00e3o \u00e0 celebra\u00e7\u00e3o religiosa, com imagens b\u00edblicas e de santos, por exemplo.<\/p>\n<div id=\"chunk-39m7k\">\n<div class=\"mc-column content-text active-extra-styles \" data-block-type=\"unstyled\" data-block-weight=\"45\" data-block-id=\"8\">\n<p class=\" content-text__container \" data-track-category=\"Link no Texto\" data-track-links=\"\" data-mrf-recirculation=\"Mat\u00e9ria - Links no Texto\">\u201cO dia de Corpus Christi \u00e9 celebrado pela Igreja Cat\u00f3lica 60 dias ap\u00f3s a P\u00e1scoa e \u00e9 uma festa, uma solenidade do Sant\u00edssimo Sacramento, do corpo e sangue de Cristo. Portanto, \u00e9 uma comemora\u00e7\u00e3o lit\u00fargica da Igreja Cat\u00f3lica\u201d, explicou o padre Marcelo Motta da Silva.<\/p>\n<\/div>\n<\/div>\n<div id=\"chunk-v402\">\n<div class=\"mc-column content-text active-extra-styles \" data-block-type=\"unstyled\" data-block-weight=\"35\" data-block-id=\"9\">\n<p class=\" content-text__container \" data-track-category=\"Link no Texto\" data-track-links=\"\" data-mrf-recirculation=\"Mat\u00e9ria - Links no Texto\">Corpus Christi foi celebrado pela primeira vez em 1247, na Diocese de Li\u00e9ge. Em seguida, segundo o padre, o Papa Urbano IV instituiu a celebra\u00e7\u00e3o numa bula publicada no dia 8 de setembro de 1264.<\/p>\n<\/div>\n<\/div>\n<div id=\"chunk-cetuv\">\n<div class=\"mc-column content-text active-extra-styles \" data-block-type=\"unstyled\" data-block-weight=\"45\" data-block-id=\"10\">\n<p class=\" content-text__container \" data-track-category=\"Link no Texto\" data-track-links=\"\" data-mrf-recirculation=\"Mat\u00e9ria - Links no Texto\">\u201cNesse dia de Corpus Christi, o Sant\u00edssimo Sacramento, ou seja, a Eucaristia, a h\u00f3stia consagrada, \u00e9, ap\u00f3s a missa, depositada no ostens\u00f3rio, que \u00e9 um objeto lit\u00fargico da Igreja Cat\u00f3lica pr\u00f3prio para se depositar a h\u00f3stia consagrada para exposi\u00e7\u00e3o e adora\u00e7\u00e3o dos fi\u00e9is\u201d, disse Marcelo.<\/p>\n<\/div>\n<\/div>\n<div id=\"chunk-77cqa\">\n<div class=\"row medium-uncollapsed content-media content-photo\" data-block-type=\"backstage-photo\" data-block-id=\"11\">\n<div class=\" mc-column  content-media__container\">\n<div class=\"content-media-container glb-skeleton-box\">\n<figure class=\"content-media-figure\"><img class=\"i-amphtml-fill-content i-amphtml-replaced-content\" src=\"https:\/\/s2-g1.glbimg.com\/wWXWTJ70IWOUvOwIy9HB239EEOg=\/0x0:1600x1200\/984x0\/smart\/filters:strip_icc()\/i.s3.glbimg.com\/v1\/AUTH_59edd422c0c84a879bd37670ae4f538a\/internal_photos\/bs\/2023\/5\/c\/BcyBY9T2CyUAKBSNQKpA\/whatsapp-image-2023-06-08-at-08.11.54-1-.jpeg\" sizes=\"(max-width: 1549px) 648px, 100vw\" srcset=\"https:\/\/s2-g1.glbimg.com\/ZO3FkwMnnHzfGAedc7YkX20MyuI=\/0x0:1600x1200\/1000x0\/smart\/filters:strip_icc()\/i.s3.glbimg.com\/v1\/AUTH_59edd422c0c84a879bd37670ae4f538a\/internal_photos\/bs\/2023\/5\/c\/BcyBY9T2CyUAKBSNQKpA\/whatsapp-image-2023-06-08-at-08.11.54-1-.jpeg 1000w, https:\/\/s2-g1.glbimg.com\/wWXWTJ70IWOUvOwIy9HB239EEOg=\/0x0:1600x1200\/984x0\/smart\/filters:strip_icc()\/i.s3.glbimg.com\/v1\/AUTH_59edd422c0c84a879bd37670ae4f538a\/internal_photos\/bs\/2023\/5\/c\/BcyBY9T2CyUAKBSNQKpA\/whatsapp-image-2023-06-08-at-08.11.54-1-.jpeg 984w, https:\/\/s2-g1.glbimg.com\/mRiaCMECLJ6DRI24OkJVugQzjZE=\/0x0:1600x1200\/640x0\/smart\/filters:strip_icc()\/i.s3.glbimg.com\/v1\/AUTH_59edd422c0c84a879bd37670ae4f538a\/internal_photos\/bs\/2023\/5\/c\/BcyBY9T2CyUAKBSNQKpA\/whatsapp-image-2023-06-08-at-08.11.54-1-.jpeg 640w, https:\/\/s2-g1.glbimg.com\/g73KZRL9gwaA8iqOJ5_CtTbaSRg=\/0x0:1600x1200\/600x0\/smart\/filters:strip_icc()\/i.s3.glbimg.com\/v1\/AUTH_59edd422c0c84a879bd37670ae4f538a\/internal_photos\/bs\/2023\/5\/c\/BcyBY9T2CyUAKBSNQKpA\/whatsapp-image-2023-06-08-at-08.11.54-1-.jpeg 600w\" alt=\"Imagem de arquivo - Tapete de Corpus Christi em Castelo, no Sul do ES \u2014 Foto: Sara Oliveira\" \/><\/figure>\n<\/div>\n<p class=\"content-media__description  \">Imagem de arquivo &#8211; Tapete de Corpus Christi em Castelo, no Sul do ES \u2014 Foto: Sara Oliveira<\/p>\n<div id=\"chunk-1idhk\">\n<div class=\"mc-column content-text active-extra-styles\" data-block-type=\"raw\" data-block-weight=\"2\" data-block-id=\"13\">\n<div class=\"content-intertitle\">\n<h2><strong>Os tapetes<\/strong><\/h2>\n<\/div>\n<\/div>\n<\/div>\n<div id=\"chunk-fkrg3\">\n<div class=\"mc-column content-text active-extra-styles \" data-block-type=\"unstyled\" data-block-weight=\"35\" data-block-id=\"14\">\n<p class=\" content-text__container \" data-track-category=\"Link no Texto\" data-track-links=\"\" data-mrf-recirculation=\"Mat\u00e9ria - Links no Texto\">Segundo o p\u00e1roco, a prociss\u00e3o de Corpus Christi \u00e9 uma tradi\u00e7\u00e3o de longa data, com o enfeite nas ruas e nas casas, feitos pelos fi\u00e9is. Um desses enfeites \u00e9 o tapete colorido, com desenhos religiosos.<\/p>\n<\/div>\n<\/div>\n<div id=\"chunk-3k77h\">\n<div class=\"mc-column content-text active-extra-styles \" data-block-type=\"unstyled\" data-block-weight=\"16\" data-block-id=\"15\">\n<p class=\" content-text__container \" data-track-category=\"Link no Texto\" data-track-links=\"\" data-mrf-recirculation=\"Mat\u00e9ria - Links no Texto\">\u201cEm muitos lugares s\u00e3o verdadeiras obras de arte, todos feitos com material simples\u201d, afirmou o religioso.<\/p>\n<\/div>\n<\/div>\n<div id=\"chunk-4l3su\">\n<div class=\"mc-column content-text active-extra-styles \" data-block-type=\"unstyled\" data-block-weight=\"14\" data-block-id=\"16\">\n<p class=\" content-text__container \" data-track-category=\"Link no Texto\" data-track-links=\"\" data-mrf-recirculation=\"Mat\u00e9ria - Links no Texto\">Segundo o padre Kl\u00e9ber Silva, a prepara\u00e7\u00e3o dos tapetes remetem a uma B\u00edblia aberta.<\/p>\n<\/div>\n<\/div>\n<div id=\"chunk-25eve\">\n<div class=\"mc-column content-text active-extra-styles \" data-block-type=\"unstyled\" data-block-weight=\"42\" data-block-id=\"17\">\n<p class=\" content-text__container \" data-track-category=\"Link no Texto\" data-track-links=\"\" data-mrf-recirculation=\"Mat\u00e9ria - Links no Texto\">&#8220;Os tapetes acabam sendo como que uma B\u00edblia aberta, expressa nas imagens e mensagens que trazem: vers\u00edculos b\u00edblicos, s\u00edmbolos eucar\u00edsticos (como o c\u00e1lice, o p\u00e3o, a uva, a cruz, o IHS), o Cordeiro de Deus, e cenas da vida de Cristo&#8221;, explicou.<\/p>\n<\/div>\n<\/div>\n<div id=\"chunk-933rl\">\n<div class=\"mc-column content-text active-extra-styles \" data-block-type=\"unstyled\" data-block-weight=\"25\" data-block-id=\"18\">\n<p class=\" content-text__container \" data-track-category=\"Link no Texto\" data-track-links=\"\" data-mrf-recirculation=\"Mat\u00e9ria - Links no Texto\">J\u00e1 o padre Roger Matheus explicou que a confec\u00e7\u00e3o dos tapetes, al\u00e9m de ser um ato de devo\u00e7\u00e3o, tamb\u00e9m \u00e9 uma confraterniza\u00e7\u00e3o entre os fi\u00e9is.<\/p>\n<\/div>\n<\/div>\n<div id=\"chunk-aj4qe\">\n<div class=\"mc-column content-text active-extra-styles \" data-block-type=\"unstyled\" data-block-weight=\"74\" data-block-id=\"19\">\n<p class=\" content-text__container \" data-track-category=\"Link no Texto\" data-track-links=\"\" data-mrf-recirculation=\"Mat\u00e9ria - Links no Texto\">&#8220;Nosso povo se dedica com muito esmero para oferecer a Jesus o melhor de seus dons, de seu tempo e de seu esfor\u00e7o. Contudo, a confec\u00e7\u00e3o destes tapetes \u00e9 tamb\u00e9m momento de confraterniza\u00e7\u00e3o. S\u00e3o muitos os fi\u00e9is que passam a madrugada da quarta para a quinta-feira dedicando-se a este ato de f\u00e9; e muitos outros, impossibilitados, colaboram com a doa\u00e7\u00e3o e distribui\u00e7\u00e3o de lanche para aqueles que est\u00e3o no trabalho art\u00edstico e bra\u00e7al&#8221;, disse.<\/p>\n<p data-track-category=\"Link no Texto\" data-track-links=\"\" data-mrf-recirculation=\"Mat\u00e9ria - Links no Texto\">Para a \u2018confec\u00e7\u00e3o\u2019 desses tapetes, os materiais utilizados s\u00e3o os mais simples: p\u00f3 de caf\u00e9 usado, areia, tintas, entre outros.<\/p>\n<div id=\"chunk-2ebba\">\n<div class=\"mc-column content-text active-extra-styles \" data-block-type=\"unstyled\" data-block-weight=\"20\" data-block-id=\"21\">\n<p class=\" content-text__container \" data-track-category=\"Link no Texto\" data-track-links=\"\" data-mrf-recirculation=\"Mat\u00e9ria - Links no Texto\">outros.<\/p>\n<\/div>\n<\/div>\n<div id=\"chunk-90r72\">\n<div class=\"mc-column content-text active-extra-styles\" data-block-type=\"raw\" data-block-weight=\"42\" data-block-id=\"22\">\n<blockquote class=\"content-blockquote theme-border-color-primary-before\"><p>\u201cVai desde p\u00f3 de serragem, areia, tintas para tingir, p\u00f3 de caf\u00e9 usado, tamb\u00e9m se usa muito tampinhas de garrafas, cascas de ovos, cal para pintura, entre outros materiais simples para confeccionar os costumeiramente chamados tapetes de Corpus Christi\u201d, explicou padre Marcelo.<\/p><\/blockquote>\n<\/div>\n<\/div>\n<div id=\"chunk-b4v5p\">\n<div class=\"mc-column content-text active-extra-styles \" data-block-type=\"unstyled\" data-block-weight=\"32\" data-block-id=\"23\">\n<p class=\" content-text__container \" data-track-category=\"Link no Texto\" data-track-links=\"\" data-mrf-recirculation=\"Mat\u00e9ria - Links no Texto\">No Brasil, essa tradi\u00e7\u00e3o foi trazida pelos portugueses, segundo Marcelo. O objetivo, de acordo com ele, \u00e9 levar o amor de Deus atrav\u00e9s das prociss\u00f5es, com tapetes coloridos e de cores vivas.<\/p>\n<\/div>\n<\/div>\n<div id=\"chunk-euh6d\">\n<div class=\"mc-column content-text active-extra-styles\" data-block-type=\"raw\" data-block-weight=\"56\" data-block-id=\"24\">\n<blockquote class=\"content-blockquote theme-border-color-primary-before\"><p>\u201cA tradi\u00e7\u00e3o surgiu em Portugal e depois foi trazida, \u00e9 claro, para o Brasil pelos colonizadores. Geralmente s\u00e3o coloridos, de cor viva, e todos de inspira\u00e7\u00e3o religiosa, evocando principalmente a tem\u00e1tica da Eucaristia. Na prociss\u00e3o de Corpus Christi, a Igreja Cat\u00f3lica pretende enfatizar que Jesus est\u00e1 presente na Eucaristia, est\u00e1 conosco, ele \u00e9 Deus conosco\u201d, acrescentou.<\/p><\/blockquote>\n<\/div>\n<\/div>\n<div id=\"chunk-81kld\">\n<div class=\"mc-column content-text active-extra-styles\" data-block-type=\"raw\" data-block-weight=\"59\" data-block-id=\"25\">\n<blockquote class=\"content-blockquote theme-border-color-primary-before\"><p>\u201c\u00c9 para dizer que estamos levando a f\u00e9 nas ruas, no mundo, ao povo, uma prociss\u00e3o de b\u00ean\u00e7\u00e3o. \u00c9 Jesus, o Sant\u00edssimo Sacramento, que passa pelas ruas, pelas frentes das casas, levando e dando a sua ben\u00e7\u00e3o. \u00c9 tamb\u00e9m uma prociss\u00e3o do amor porque Jesus \u00e9 Deus e Deus \u00e9 amor. \u00c9 uma prociss\u00e3o do amor de Deus\u201d, finalizou.<\/p><\/blockquote>\n<blockquote><p>&nbsp;<\/p>\n<div>\n<div>\n<div class=\"google-auto-placed\">\n<div class=\"panel panel-default painel-estabeleciment \">\n<div class=\"row\">\u00a0 \u00a0 \u00a0 <a href=\"https:\/\/g1.globo.com\"> g1.globo.com<\/a> \u2013 <a href=\"http:\/\/guiafacilbrasil.com.br\/blog\/\">\u00a0GuiaF\u00e1cilBrasil<\/a><\/div>\n<\/div>\n<\/div>\n<\/div>\n<\/div>\n<\/blockquote>\n<\/div>\n<\/div>\n<\/div>\n<\/div>\n<\/div>\n<\/div>\n<\/div>\n","protected":false},"excerpt":{"rendered":"<p>Desenho de Nossa Senhora e do Menino Jesus no tapete de Corpus Christi em Ca\u00e7apava \u2014 Foto: Eduardo Marcondes \/ Rede Vanguarda O feriado de Corpus Christi, comemorado pela Igreja Cat\u00f3lica e que celebra o corpo de Jesus Cristo, este ano \u00e9 realizado nesta quinta-feira (19). A celebra\u00e7\u00e3o n\u00e3o tem data fixa no calend\u00e1rio, j\u00e1 [&hellip;]<\/p>\n","protected":false},"author":2,"featured_media":24614,"comment_status":"open","ping_status":"open","sticky":false,"template":"","format":"standard","meta":[],"categories":[8],"tags":[],"_links":{"self":[{"href":"https:\/\/www.guiafacilbrasil.com.br\/blog\/wp-json\/wp\/v2\/posts\/24613"}],"collection":[{"href":"https:\/\/www.guiafacilbrasil.com.br\/blog\/wp-json\/wp\/v2\/posts"}],"about":[{"href":"https:\/\/www.guiafacilbrasil.com.br\/blog\/wp-json\/wp\/v2\/types\/post"}],"author":[{"embeddable":true,"href":"https:\/\/www.guiafacilbrasil.com.br\/blog\/wp-json\/wp\/v2\/users\/2"}],"replies":[{"embeddable":true,"href":"https:\/\/www.guiafacilbrasil.com.br\/blog\/wp-json\/wp\/v2\/comments?post=24613"}],"version-history":[{"count":1,"href":"https:\/\/www.guiafacilbrasil.com.br\/blog\/wp-json\/wp\/v2\/posts\/24613\/revisions"}],"predecessor-version":[{"id":24615,"href":"https:\/\/www.guiafacilbrasil.com.br\/blog\/wp-json\/wp\/v2\/posts\/24613\/revisions\/24615"}],"wp:featuredmedia":[{"embeddable":true,"href":"https:\/\/www.guiafacilbrasil.com.br\/blog\/wp-json\/wp\/v2\/media\/24614"}],"wp:attachment":[{"href":"https:\/\/www.guiafacilbrasil.com.br\/blog\/wp-json\/wp\/v2\/media?parent=24613"}],"wp:term":[{"taxonomy":"category","embeddable":true,"href":"https:\/\/www.guiafacilbrasil.com.br\/blog\/wp-json\/wp\/v2\/categories?post=24613"},{"taxonomy":"post_tag","embeddable":true,"href":"https:\/\/www.guiafacilbrasil.com.br\/blog\/wp-json\/wp\/v2\/tags?post=24613"}],"curies":[{"name":"wp","href":"https:\/\/api.w.org\/{rel}","templated":true}]}}